{"id":132338,"date":"2021-11-08T15:38:50","date_gmt":"2021-11-08T20:38:50","guid":{"rendered":"https:\/\/linitiative.ca\/International\/covid-19-le-vaccin-moderna-interdit-chez-les-moins-de-30-ans-en-france\/"},"modified":"2021-11-08T15:38:50","modified_gmt":"2021-11-08T20:38:50","slug":"covid-19-le-vaccin-moderna-interdit-chez-les-moins-de-30-ans-en-france","status":"publish","type":"post","link":"https:\/\/linitiative.ca\/International\/covid-19-le-vaccin-moderna-interdit-chez-les-moins-de-30-ans-en-france\/","title":{"rendered":"Covid 19\u00a0: Le vaccin Moderna interdit chez les moins de 30 ans en France"},"content":{"rendered":"<div>\n<p>La dispensation du vaccin Moderna pour la troisi\u00e8me dose de rappel, a \u00e9t\u00e9 suspendue, en France, depuis le 15 octobre dernier. Et ce, suite \u00e0 l\u2019alerte lanc\u00e9e par les pays scandinaves, en rapport avec e trop nombreux complications \u00e0 type de myocardites et p\u00e9ricardites (inflammations du muscle du c\u0153ur et de l\u2019enveloppe du c\u0153ur). Apr\u00e8s [\u2026]<\/p>\n<p>L\u2019article <a href=\"https:\/\/www.tunisienumerique.com\/covid-19-le-vaccin-moderna-interdit-chez-les-moins-de-30-ans-en-france\/\">Covid 19\u00a0: Le vaccin Moderna interdit chez les moins de 30 ans en France<\/a> est apparu en premier sur <a href=\"https:\/\/www.tunisienumerique.com\/\">Tunisie<\/a>.<\/p>\n<\/div>\n<p>Auteur: LM<br \/>\n<a href=\"https:\/\/www.tunisienumerique.com\/covid-19-le-vaccin-moderna-interdit-chez-les-moins-de-30-ans-en-france\/\">Cliquez ici pour lire l&rsquo;article depuis sa source.<\/a><\/p>\n","protected":false},"excerpt":{"rendered":"<p>La dispensation du vaccin Moderna pour la troisi\u00e8me dose de rappel, a \u00e9t\u00e9 suspendue, en France, depuis le 15 octobre dernier. Et ce, suite \u00e0 l\u2019alerte lanc\u00e9e par les pays scandinaves, en rapport avec e trop nombreux complications \u00e0 type de myocardites et p\u00e9ricardites (inflammations du muscle du c\u0153ur et de l\u2019enveloppe du c\u0153ur). Apr\u00e8s [&hellip;]<\/p>\n","protected":false},"author":1789,"featured_media":0,"comment_status":"closed","ping_status":"closed","sticky":false,"template":"","format":"standard","meta":{"fifu_image_url":"","fifu_image_alt":"","footnotes":""},"categories":[73,55],"tags":[],"class_list":["post-132338","post","type-post","status-publish","format-standard","hentry","category-actualite","category-tunisie"],"_links":{"self":[{"href":"https:\/\/linitiative.ca\/International\/wp-json\/wp\/v2\/posts\/132338","targetHints":{"allow":["GET"]}}],"collection":[{"href":"https:\/\/linitiative.ca\/International\/wp-json\/wp\/v2\/posts"}],"about":[{"href":"https:\/\/linitiative.ca\/International\/wp-json\/wp\/v2\/types\/post"}],"author":[{"embeddable":true,"href":"https:\/\/linitiative.ca\/International\/wp-json\/wp\/v2\/users\/1789"}],"replies":[{"embeddable":true,"href":"https:\/\/linitiative.ca\/International\/wp-json\/wp\/v2\/comments?post=132338"}],"version-history":[{"count":0,"href":"https:\/\/linitiative.ca\/International\/wp-json\/wp\/v2\/posts\/132338\/revisions"}],"wp:attachment":[{"href":"https:\/\/linitiative.ca\/International\/wp-json\/wp\/v2\/media?parent=132338"}],"wp:term":[{"taxonomy":"category","embeddable":true,"href":"https:\/\/linitiative.ca\/International\/wp-json\/wp\/v2\/categories?post=132338"},{"taxonomy":"post_tag","embeddable":true,"href":"https:\/\/linitiative.ca\/International\/wp-json\/wp\/v2\/tags?post=132338"}],"curies":[{"name":"wp","href":"https:\/\/api.w.org\/{rel}","templated":true}]}}