{"id":132339,"date":"2021-11-08T15:47:44","date_gmt":"2021-11-08T20:47:44","guid":{"rendered":"https:\/\/linitiative.ca\/International\/tunisie-etat-de-sante-du-professeur-agresse-par-un-lyceen\/"},"modified":"2021-11-08T15:47:44","modified_gmt":"2021-11-08T20:47:44","slug":"tunisie-etat-de-sante-du-professeur-agresse-par-un-lyceen","status":"publish","type":"post","link":"https:\/\/linitiative.ca\/International\/tunisie-etat-de-sante-du-professeur-agresse-par-un-lyceen\/","title":{"rendered":"Tunisie : Etat de sant\u00e9 du professeur agress\u00e9 par un lyc\u00e9en"},"content":{"rendered":"<div>\n<p>Une radio priv\u00e9e a appris, lundi, que l\u2019\u00e9tat du professeur qui a \u00e9t\u00e9 agress\u00e9 par un \u00e9l\u00e8ve du lyc\u00e9e Ibn Rachik Ezzahra du gouvernorat de Ben Arous, est stable et ce apr\u00e8s avoir subi 7 interventions chirurgicales d\u00e9licates aux niveaux de la t\u00eate, de la main, le bas de l\u2019\u0153il et le dos. . Une [\u2026]<\/p>\n<p>L\u2019article <a href=\"https:\/\/www.tunisienumerique.com\/tunisie-etat-de-sante-du-professeur-agresse-par-un-lyceen\/\">Tunisie : Etat de sant\u00e9 du professeur agress\u00e9 par un lyc\u00e9en<\/a> est apparu en premier sur <a href=\"https:\/\/www.tunisienumerique.com\/\">Tunisie<\/a>.<\/p>\n<\/div>\n<p>Auteur: rania ben slimane<br \/>\n<a href=\"https:\/\/www.tunisienumerique.com\/tunisie-etat-de-sante-du-professeur-agresse-par-un-lyceen\/\">Cliquez ici pour lire l&rsquo;article depuis sa source.<\/a><\/p>\n","protected":false},"excerpt":{"rendered":"<p>Une radio priv\u00e9e a appris, lundi, que l\u2019\u00e9tat du professeur qui a \u00e9t\u00e9 agress\u00e9 par un \u00e9l\u00e8ve du lyc\u00e9e Ibn Rachik Ezzahra du gouvernorat de Ben Arous, est stable et ce apr\u00e8s avoir subi 7 interventions chirurgicales d\u00e9licates aux niveaux de la t\u00eate, de la main, le bas de l\u2019\u0153il et le dos. . Une [&hellip;]<\/p>\n","protected":false},"author":1789,"featured_media":0,"comment_status":"closed","ping_status":"closed","sticky":false,"template":"","format":"standard","meta":{"fifu_image_url":"","fifu_image_alt":"","footnotes":""},"categories":[73,55],"tags":[],"class_list":["post-132339","post","type-post","status-publish","format-standard","hentry","category-actualite","category-tunisie"],"_links":{"self":[{"href":"https:\/\/linitiative.ca\/International\/wp-json\/wp\/v2\/posts\/132339","targetHints":{"allow":["GET"]}}],"collection":[{"href":"https:\/\/linitiative.ca\/International\/wp-json\/wp\/v2\/posts"}],"about":[{"href":"https:\/\/linitiative.ca\/International\/wp-json\/wp\/v2\/types\/post"}],"author":[{"embeddable":true,"href":"https:\/\/linitiative.ca\/International\/wp-json\/wp\/v2\/users\/1789"}],"replies":[{"embeddable":true,"href":"https:\/\/linitiative.ca\/International\/wp-json\/wp\/v2\/comments?post=132339"}],"version-history":[{"count":0,"href":"https:\/\/linitiative.ca\/International\/wp-json\/wp\/v2\/posts\/132339\/revisions"}],"wp:attachment":[{"href":"https:\/\/linitiative.ca\/International\/wp-json\/wp\/v2\/media?parent=132339"}],"wp:term":[{"taxonomy":"category","embeddable":true,"href":"https:\/\/linitiative.ca\/International\/wp-json\/wp\/v2\/categories?post=132339"},{"taxonomy":"post_tag","embeddable":true,"href":"https:\/\/linitiative.ca\/International\/wp-json\/wp\/v2\/tags?post=132339"}],"curies":[{"name":"wp","href":"https:\/\/api.w.org\/{rel}","templated":true}]}}