{"id":132360,"date":"2021-11-08T09:16:39","date_gmt":"2021-11-08T14:16:39","guid":{"rendered":"https:\/\/linitiative.ca\/International\/preparatifs-de-la-can-2021-adc-s-a-somme-dameliorer-le-service-daccueil-dans-les-aeroports\/"},"modified":"2021-11-08T09:16:39","modified_gmt":"2021-11-08T14:16:39","slug":"preparatifs-de-la-can-2021-adc-s-a-somme-dameliorer-le-service-daccueil-dans-les-aeroports","status":"publish","type":"post","link":"https:\/\/linitiative.ca\/International\/preparatifs-de-la-can-2021-adc-s-a-somme-dameliorer-le-service-daccueil-dans-les-aeroports\/","title":{"rendered":"Pr\u00e9paratifs de la Can 2021 : ADC S.A somm\u00e9 d\u2019am\u00e9liorer le service d\u2019accueil dans les a\u00e9roports"},"content":{"rendered":"<div>\n<p>Quatre heures de temps ont suffi \u00e0 Jean Ernest Massena Ngalle Bibehe pour boucler sa visite d\u2019\u00e9valuation du dispositif d\u2019accueil \u00e0 l\u2019a\u00e9roport international de Douala. Le Ministre des transports a \u00e9t\u00e9 formel \u00e0 l\u2019endroit des responsables des A\u00e9roports du Cameroun (ADC S.A), entreprise publique de gestion des a\u00e9roports nationaux : \u00abje suis venu \u00e0 l\u2019a\u00e9roport international de Douala pour \u00e9valuer la mise \u0153uvre des recommandations prises par le Ministre d\u2019Etat, Secr\u00e9taire g\u00e9n\u00e9ral de la Pr\u00e9sidence de la R\u00e9publique, sur tr\u00e8s hautes instructions du Pr\u00e9sident de la R\u00e9publique. Je prendrai connaissance, point par point, de la feuille de route \u00e9tablie \u00e0 cet effet, afin de tirer imm\u00e9diatement les cons\u00e9quences \u00e9ventuelles\u00bb, a relev\u00e9 fermement le Ministre des transports.<\/p>\n<p><strong>Files d\u2019attente<\/strong><\/p>\n<p>Les recommandations formul\u00e9es par la Conf\u00e9d\u00e9ration Africaine de Football (CAF), celles formul\u00e9es par le Cocan 2021 et la Task force, ainsi que l\u2019\u00e9valuation des actions compl\u00e9mentaires propos\u00e9es par la Ccaa (Cameroon civil aviation authority), les Adc S.A, l\u2019Asecna (Agence pour la s\u00e9curit\u00e9 de la navigation a\u00e9rienne en Afrique et Madagascar), la Camair co (Cameroon airlines corporation) et les administrations sectorielles ont constitu\u00e9 les points saillants de cette descente. L\u2019axe portant sur les recommandations de la Caf consiste \u00e0 l\u2019am\u00e9nagement des couloirs sp\u00e9ciaux pour la fluidit\u00e9 des d\u00e9placements des participants, le regroupement des officiels en un seul point pour les formalit\u00e9s de police, l\u2019installation d\u2019un comptoir d\u2019informations au moment de la comp\u00e9tition. L\u2019axe relatif aux cahiers de charge formul\u00e9s par le Cocan 2021 et la Task Force, comporte l\u2019\u00e9laboration d\u2019une proc\u00e9dure de traitement des d\u00e9l\u00e9gations \u00e0 l\u2019arriv\u00e9e, le d\u00e9barquement des d\u00e9l\u00e9gations sous passerelle t\u00e9lescopique, l\u2019am\u00e9nagement d\u2019un salon dans la zone de d\u00e9barquement pour le traitement des Vip avec poste m\u00e9dical avanc\u00e9, et le rafra\u00eechissement de la peinture de l\u2019a\u00e9roport.\u00a0<\/p>\n<p>Le Cocan 2021 et la Task Force ont \u00e9galement sollicit\u00e9 la diffusion syst\u00e9matique des informations relatives aux programmes d\u2019arriv\u00e9e des d\u00e9l\u00e9gations, l\u2019acquisition et la mise en service des bus de transbordement des passagers, l\u2019am\u00e9nagement d\u2019un comptoir d\u2019information en salle de livraison bagages, le d\u00e9placement des comptoirs de remplissage des fiches de d\u00e9barquement, l\u2019am\u00e9nagement des toilettes dans la zone de d\u00e9barquement et au parking plein-air, l\u2019acquisition des poteaux de files d\u2019attente, et la mise en place d\u2019une \u00e9quipe m\u00e9dicale sp\u00e9ciale. Par ailleurs, les deux instances ont recommand\u00e9 l\u2019am\u00e9lioration de l\u2019\u00e9clairage du parking plein-air, l\u2019orientation des membres des d\u00e9l\u00e9gations sans visa dans une salle de transit am\u00e9nag\u00e9e, la r\u00e9servation de deux aubettes pour les formalit\u00e9s de police des d\u00e9l\u00e9gations, la mat\u00e9rialisation des parkings pour v\u00e9hicules sp\u00e9ciaux \u00e0 l\u2019esplanade de l\u2019a\u00e9rogare-passagers et cot\u00e9-poste<\/p>\n<p><strong>Mission CAF<\/strong><\/p>\n<p>Les circuits d\u00e9part et arriv\u00e9e de l\u2019a\u00e9roport international de Douala ont ainsi \u00e9t\u00e9 pass\u00e9s au peigne fin par Jean Ernest Massena Ngalle Bibehe, ainsi que le dispositif sanitaire g\u00e9n\u00e9ral et anti-Covid 19. Tout comme les \u00e9quipements acquis par les A\u00e9roports du Cameroun. Dans leur cahier de charges, les ADC S.A ont proc\u00e9d\u00e9 \u00e0 l\u2019acquisition et \u00e0 l\u2019installation de nouvelles chaises dans les salles d\u2019embarquement, \u00e0 l\u2019agrandissement du salon d\u2019honneur, la r\u00e9habilitation des chauss\u00e9es de certaines voiries et parkings, la contractualisation de 59 taxis, l\u2019acquisition de mat\u00e9riel suppl\u00e9mentaire de traitement des vols, des \u00e9quipements de s\u00fbret\u00e9 sollicit\u00e9s par la Ccaa (Asu, protection des sites, filtrage des bagages, filtrage \u00e0 l\u2019entr\u00e9e etc..), au balisage lumineux (Asecna) etc\u2026\u00abIl y\u2019a eu des avanc\u00e9es r\u00e9elles, mais Monsieur le Directeur g\u00e9n\u00e9ral nous vous donnerons encore un d\u00e9lai d\u2019un mois pour parfaire ces chantiers\u00bb, a r\u00e9agi le Ministre des transports, apr\u00e8s le tour de tutelle. Jean Ernest Massena Ngalle Bibehe va porter des r\u00e9serves sur la climatisation, le temps d\u2019attente des passagers, les toilettes, la signalisation sur le circuit d\u00e9part\/arriv\u00e9e, les lumi\u00e8res, ou les \u00e9l\u00e9ments ornementaux li\u00e9s \u00e0 l\u2019organisation de la Coupe d\u2019Afrique des Nations.<\/p>\n<p>\u00ab\u00c0 mon retour ici, dans un peu plus d\u2019un mois, j\u2019examinerai point par point ces quelques instructions importantes pour la r\u00e9ussite du grand \u00e9v\u00e9nement sportif que le Cameroun organise\u00bb, a ajout\u00e9 le membre du gouvernement. Qui profitera \u00e9galement de cette mission d\u2019\u00e9valuation pour jeter un aper\u00e7u sur le volet transport multimodal (circulation, voirie urbaine, v\u00e9hicules, motos etc\u2026) dans la ville de Douala. Le Ministre des transports \u00e9tait entour\u00e9, entre autres, de Samuel Ivaha Diboua, le Gouverneur de la R\u00e9gion du Littoral, du Pr\u00e9sident du Comit\u00e9 de sites de Douala, du Dr. Fritz Ntone Ntone, le pr\u00e9sident du conseil d\u2019administration des ADC S.A, Thomas Owona Assoumou, le Directeur g\u00e9n\u00e9ral des ADC S.A, Paule Koki Assoumou, la Directrice g\u00e9n\u00e9rale de la Ccaa. Apr\u00e8s Douala, Jean Ernest Massena Ngalle Bibehe \u00e9valuera les dispositifs d\u2019accueil des a\u00e9roports de Garoua et Yaound\u00e9-Nsimalen. Quelques jours seulement avant l\u2019arriv\u00e9e d\u2019une mission d\u2019inspection de la Conf\u00e9d\u00e9ration Africaine de Football.<\/p>\n<p>L\u2019article <a rel=\"nofollow\" href=\"https:\/\/ecomatin.net\/preparatifs-de-la-can-2021-adc-s-a-somme-dameliorer-le-service-daccueil-dans-les-aeroports\/\">Pr\u00e9paratifs de la Can 2021 : ADC S.A somm\u00e9 d\u2019am\u00e9liorer le service d\u2019accueil dans les a\u00e9roports<\/a> est apparu en premier sur <a rel=\"nofollow\" href=\"https:\/\/ecomatin.net\/\">EcoMatin<\/a>.<\/p>\n<\/div>\n<p>Auteur: Georges Semey<br \/>\n<a href=\"https:\/\/ecomatin.net\/preparatifs-de-la-can-2021-adc-s-a-somme-dameliorer-le-service-daccueil-dans-les-aeroports\/\">Cliquez ici pour lire l&rsquo;article depuis sa source.<\/a><\/p>\n","protected":false},"excerpt":{"rendered":"<p>Quatre heures de temps ont suffi \u00e0 Jean Ernest Massena Ngalle Bibehe pour boucler sa visite d\u2019\u00e9valuation du dispositif d\u2019accueil \u00e0 l\u2019a\u00e9roport international de Douala. Le Ministre des transports a \u00e9t\u00e9 formel \u00e0 l\u2019endroit des responsables des A\u00e9roports du Cameroun (ADC S.A), entreprise publique de gestion des a\u00e9roports nationaux : \u00abje suis venu \u00e0 l\u2019a\u00e9roport [&hellip;]<\/p>\n","protected":false},"author":1969,"featured_media":0,"comment_status":"closed","ping_status":"closed","sticky":false,"template":"","format":"standard","meta":{"fifu_image_url":"","fifu_image_alt":"","footnotes":""},"categories":[82,78],"tags":[],"class_list":["post-132360","post","type-post","status-publish","format-standard","hentry","category-cameroun","category-economie"],"_links":{"self":[{"href":"https:\/\/linitiative.ca\/International\/wp-json\/wp\/v2\/posts\/132360","targetHints":{"allow":["GET"]}}],"collection":[{"href":"https:\/\/linitiative.ca\/International\/wp-json\/wp\/v2\/posts"}],"about":[{"href":"https:\/\/linitiative.ca\/International\/wp-json\/wp\/v2\/types\/post"}],"author":[{"embeddable":true,"href":"https:\/\/linitiative.ca\/International\/wp-json\/wp\/v2\/users\/1969"}],"replies":[{"embeddable":true,"href":"https:\/\/linitiative.ca\/International\/wp-json\/wp\/v2\/comments?post=132360"}],"version-history":[{"count":0,"href":"https:\/\/linitiative.ca\/International\/wp-json\/wp\/v2\/posts\/132360\/revisions"}],"wp:attachment":[{"href":"https:\/\/linitiative.ca\/International\/wp-json\/wp\/v2\/media?parent=132360"}],"wp:term":[{"taxonomy":"category","embeddable":true,"href":"https:\/\/linitiative.ca\/International\/wp-json\/wp\/v2\/categories?post=132360"},{"taxonomy":"post_tag","embeddable":true,"href":"https:\/\/linitiative.ca\/International\/wp-json\/wp\/v2\/tags?post=132360"}],"curies":[{"name":"wp","href":"https:\/\/api.w.org\/{rel}","templated":true}]}}