{"id":132382,"date":"2021-11-08T13:00:00","date_gmt":"2021-11-08T18:00:00","guid":{"rendered":"https:\/\/linitiative.ca\/International\/la-coordination-des-familles-et-amis-commemore-la-memoire-des-victimes\/"},"modified":"2021-11-08T13:00:00","modified_gmt":"2021-11-08T18:00:00","slug":"la-coordination-des-familles-et-amis-commemore-la-memoire-des-victimes","status":"publish","type":"post","link":"https:\/\/linitiative.ca\/International\/la-coordination-des-familles-et-amis-commemore-la-memoire-des-victimes\/","title":{"rendered":"La coordination des familles et amis comm\u00e9more la m\u00e9moire des victimes"},"content":{"rendered":"<div>\n<p class=\"has-text-align-center has-vivid-red-color has-text-color\"><strong>Ev\u00e9nements de Gdim Izik<\/strong><\/p>\n<p class=\"has-black-color has-text-color\"><strong>La coordination des familles et amis des victimes des \u00e9v\u00e9nements de Gdim Izik comm\u00e9more lundi le 11\u00e8me anniversaire de la trag\u00e9die ayant suivi le d\u00e9mant\u00e8lement pacifique du camp de Gdim Izik, pr\u00e8s de La\u00e2youne, qui a \u00e9t\u00e9 pris en otage par des criminels \u00e0 la solde du front s\u00e9paratiste, en faisant onze morts dans les rangs des Forces auxiliaires, de la Gendarmerie royale et de la Protection civile.<\/strong><\/p>\n<p class=\"has-black-color has-text-color\">La Coordination indique dans un communiqu\u00e9 parvenu dimanche \u00e0 la MAP que ces \u00e9v\u00e9nements demeurent grav\u00e9s dans la m\u00e9moire des familles des victimes de ces crimes odieux, qui t\u00e9moignent de la cruaut\u00e9 et du caract\u00e8re sanglant et inhumain de leurs auteurs et de leurs complices.<\/p>\n<p class=\"has-black-color has-text-color\">\u00c0 cet \u00e9gard, ajoute la m\u00eame source, la coordination se rem\u00e9more des sacrifices des 11 martyrs du devoir national, et des autres victimes qui ont \u00e9t\u00e9 bless\u00e9s et qui ont souffert de troubles psychologiques suite \u00e0 ces agressions n\u2019ayant \u00e9pargn\u00e9 les d\u00e9pouilles des victimes, souill\u00e9es par des s\u00e9paratistes, affirmant toutefois que le d\u00e9roulement du proc\u00e8s dans son volet p\u00e9nal a respect\u00e9 toutes les garanties d\u2019un proc\u00e8s \u00e9quitable.<\/p>\n<p class=\"has-black-color has-text-color\">La Coordination a fait part de sa condamnation de toutes les tentatives des ennemies du Maroc visant \u00e0 occulter et falsifier la r\u00e9alit\u00e9 des \u00e9v\u00e9nements de Gdim Izik et de pr\u00e9senter les auteurs de ces actes criminels comme des militants pacifistes, tout en appelant \u00e0 \u00ab\u00a0la pr\u00e9servation de la m\u00e9moire collective des victimes de mani\u00e8re \u00e0 mettre en avant leur sacrifice.<\/p>\n<p class=\"has-black-color has-text-color\">Le communiqu\u00e9 a \u00e9galement soulign\u00e9 que la coordination des amis et des familles des victimes du camp Gdim Izik salue le contenu du discours prononc\u00e9 par SM le Roi Mohammed VI, samedi, \u00e0 l\u2019occasion de la comm\u00e9moration du 46\u00e8me anniversaire de la glorieuse Marche verte, dans lequel le Souverain a affirm\u00e9 que \u00ab\u00a0pour le Maroc, son Sahara n\u2019est pas \u00e0 n\u00e9gocier. Aujourd\u2019hui comme dans le pass\u00e9, la Marocanit\u00e9 du Sahara ne sera jamais \u00e0 l\u2019ordre du jour d\u2019une quelconque tractation\u00a0\u00bb.<\/p>\n<p>L\u2019article <a rel=\"nofollow\" href=\"http:\/\/albayane.press.ma\/la-coordination-des-familles-et-amis-commemore-la-memoire-des-victimes.html\">La coordination des familles et amis comm\u00e9more la m\u00e9moire des victimes<\/a> est apparu en premier sur <a rel=\"nofollow\" href=\"http:\/\/albayane.press.ma\/\">ALBAYANE<\/a>.<\/p>\n<\/div>\n<p>Auteur: M&rsquo;hammed rahal<br \/>\n<a href=\"http:\/\/albayane.press.ma\/la-coordination-des-familles-et-amis-commemore-la-memoire-des-victimes.html\">Cliquez ici pour lire l&rsquo;article depuis sa source.<\/a><\/p>\n","protected":false},"excerpt":{"rendered":"<p>Ev\u00e9nements de Gdim Izik La coordination des familles et amis des victimes des \u00e9v\u00e9nements de Gdim Izik comm\u00e9more lundi le 11\u00e8me anniversaire de la trag\u00e9die ayant suivi le d\u00e9mant\u00e8lement pacifique du camp de Gdim Izik, pr\u00e8s de La\u00e2youne, qui a \u00e9t\u00e9 pris en otage par des criminels \u00e0 la solde du front s\u00e9paratiste, en faisant [&hellip;]<\/p>\n","protected":false},"author":1760,"featured_media":0,"comment_status":"closed","ping_status":"closed","sticky":false,"template":"","format":"standard","meta":{"fifu_image_url":"","fifu_image_alt":"","footnotes":""},"categories":[73,54],"tags":[],"class_list":["post-132382","post","type-post","status-publish","format-standard","hentry","category-actualite","category-maroc"],"_links":{"self":[{"href":"https:\/\/linitiative.ca\/International\/wp-json\/wp\/v2\/posts\/132382","targetHints":{"allow":["GET"]}}],"collection":[{"href":"https:\/\/linitiative.ca\/International\/wp-json\/wp\/v2\/posts"}],"about":[{"href":"https:\/\/linitiative.ca\/International\/wp-json\/wp\/v2\/types\/post"}],"author":[{"embeddable":true,"href":"https:\/\/linitiative.ca\/International\/wp-json\/wp\/v2\/users\/1760"}],"replies":[{"embeddable":true,"href":"https:\/\/linitiative.ca\/International\/wp-json\/wp\/v2\/comments?post=132382"}],"version-history":[{"count":0,"href":"https:\/\/linitiative.ca\/International\/wp-json\/wp\/v2\/posts\/132382\/revisions"}],"wp:attachment":[{"href":"https:\/\/linitiative.ca\/International\/wp-json\/wp\/v2\/media?parent=132382"}],"wp:term":[{"taxonomy":"category","embeddable":true,"href":"https:\/\/linitiative.ca\/International\/wp-json\/wp\/v2\/categories?post=132382"},{"taxonomy":"post_tag","embeddable":true,"href":"https:\/\/linitiative.ca\/International\/wp-json\/wp\/v2\/tags?post=132382"}],"curies":[{"name":"wp","href":"https:\/\/api.w.org\/{rel}","templated":true}]}}