{"id":132384,"date":"2021-11-08T13:00:00","date_gmt":"2021-11-08T18:00:00","guid":{"rendered":"https:\/\/linitiative.ca\/International\/la-cite-portugaise-fait-peau-neuve\/"},"modified":"2021-11-08T13:00:00","modified_gmt":"2021-11-08T18:00:00","slug":"la-cite-portugaise-fait-peau-neuve","status":"publish","type":"post","link":"https:\/\/linitiative.ca\/International\/la-cite-portugaise-fait-peau-neuve\/","title":{"rendered":"La cit\u00e9 portugaise fait peau neuve"},"content":{"rendered":"<div>\n<p class=\"has-text-align-center has-text-color\" style=\"color:#08bd7b\"><strong>El Jadida<\/strong><\/p>\n<p class=\"has-black-color has-text-color\"><strong>La cit\u00e9 portugaise ou le mellah d\u2019El Jadida, qui connaissait une situation d\u2019abandon notamment au niveau des b\u00e2timents et des ruelles qui conservent toujours les aspects architecturaux musulmans, europ\u00e9ens et andalous, subit d\u2019importants travaux de r\u00e9novation dans la perspective de sa restructuration. Cette situation a incit\u00e9 les d\u00e9partements de tutelle (minist\u00e8re de la culture et province d\u2019El Jadida) \u00e0 mettre en place un programme pour la restructuration de la cit\u00e9.<\/strong><\/p>\n<p class=\"has-black-color has-text-color\">Les travaux de r\u00e9novation avaient d\u00e9marr\u00e9 avant la visite de feu SM Hassan II dans cette province le 11 juin 1994.<br \/>A ce propos, le chercheur Abou al Kacem Chiri a indiqu\u00e9 que les travaux de r\u00e9novation portaient au d\u00e9but sur la cit\u00e9 portugaise d\u2019Azemour, avant de proposer au gouverneur d\u2019El Jadida \u00e0 l\u2019\u00e9poque de r\u00e9nover \u00e9galement la cit\u00e9 portugaise de cette ville.<\/p>\n<p class=\"has-black-color has-text-color\">Convaincu de l\u2019importance de cette op\u00e9ration, le gouverneur a cherch\u00e9 les moyens de financement et a mobilis\u00e9 des entreprises pour mener \u00e0 bien les travaux de r\u00e9novations, ajoute-t-il.<br \/>Aussi, il a \u00e9t\u00e9 proc\u00e9d\u00e9 \u00e0 la destruction de derb Dakakine (Hay Sabbaguine) et le r\u00e9am\u00e9nagement d\u2019un espace en face de la cit\u00e9 portugaise pour permettre aux gens de le voir m\u00eame de loin, pr\u00e9cise le chercheur.<\/p>\n<p class=\"has-black-color has-text-color\">M. Chiri a de m\u00eame fait savoir que les travaux de r\u00e9novation ont \u00e9galement port\u00e9 sur la tour saint Antoine situ\u00e9e face \u00e0 la place Ahfir. Ces op\u00e9rations ont \u00e9galement concern\u00e9 la tour Rouh Al Qods situ\u00e9e face \u00e0 la place El Hansali.<br \/>Les premiers travaux de r\u00e9novation, qui ont d\u00e9marr\u00e9 en 1994 et se sont poursuivis jusqu\u2019en 2000, ont aussi concern\u00e9 la tour Al Malak situ\u00e9e face au port et club nautique.<\/p>\n<p class=\"has-black-color has-text-color\">De m\u00eame, la commission charg\u00e9e de chapeauter les travaux de r\u00e9novation a ferm\u00e9 le tunnel qu\u2019utilisaient les amateurs de la natation qui donnait sur la cit\u00e9 portugaise.<\/p>\n<p class=\"has-black-color has-text-color\">Dans une autre phase, les travaux de r\u00e9novation ont concern\u00e9 la citerne portugaise en red\u00e9couvrant son entourage gr\u00e2ce notamment \u00e0 l\u2019identification de plusieurs salles notamment celles de l\u2019artiste Chaabia Talal et Abdelkbir Khatibi.<br \/>Par ailleurs, les travaux de r\u00e9novation ont \u00e9t\u00e9 \u00e9tendus aux ruelles et places internes qui ont retrouv\u00e9 une deuxi\u00e8me vie.<br \/>A rappeler que vers les ann\u00e9es 1500, les portugais s\u2019install\u00e8rent dans la r\u00e9gion et fond\u00e8rent la ville de Mazagan en 1506 gr\u00e2ce aux deux fr\u00e8res Francisco et Diego de Arruda.<\/p>\n<p class=\"has-black-color has-text-color\">En 1541, la salle d\u2019arme portugaise fut transform\u00e9e en r\u00e9serve d\u2019eau de pluie, pour survivre au si\u00e8ge des arabes. D\u00e8s 1542, la ville fut fortifi\u00e9e gr\u00e2ce \u00e0 une ceinture d\u2019\u00e9paisses murailles et devint une redoutable citadelle.<\/p>\n<p>L\u2019article <a rel=\"nofollow\" href=\"http:\/\/albayane.press.ma\/la-cite-portugaise-fait-peau-neuve.html\">La cit\u00e9 portugaise fait peau neuve<\/a> est apparu en premier sur <a rel=\"nofollow\" href=\"http:\/\/albayane.press.ma\/\">ALBAYANE<\/a>.<\/p>\n<\/div>\n<p>Auteur: M&rsquo;hammed rahal<br \/>\n<a href=\"http:\/\/albayane.press.ma\/la-cite-portugaise-fait-peau-neuve.html\">Cliquez ici pour lire l&rsquo;article depuis sa source.<\/a><\/p>\n","protected":false},"excerpt":{"rendered":"<p>El Jadida La cit\u00e9 portugaise ou le mellah d\u2019El Jadida, qui connaissait une situation d\u2019abandon notamment au niveau des b\u00e2timents et des ruelles qui conservent toujours les aspects architecturaux musulmans, europ\u00e9ens et andalous, subit d\u2019importants travaux de r\u00e9novation dans la perspective de sa restructuration. Cette situation a incit\u00e9 les d\u00e9partements de tutelle (minist\u00e8re de la [&hellip;]<\/p>\n","protected":false},"author":1760,"featured_media":0,"comment_status":"closed","ping_status":"closed","sticky":false,"template":"","format":"standard","meta":{"fifu_image_url":"","fifu_image_alt":"","footnotes":""},"categories":[73,54],"tags":[],"class_list":["post-132384","post","type-post","status-publish","format-standard","hentry","category-actualite","category-maroc"],"_links":{"self":[{"href":"https:\/\/linitiative.ca\/International\/wp-json\/wp\/v2\/posts\/132384","targetHints":{"allow":["GET"]}}],"collection":[{"href":"https:\/\/linitiative.ca\/International\/wp-json\/wp\/v2\/posts"}],"about":[{"href":"https:\/\/linitiative.ca\/International\/wp-json\/wp\/v2\/types\/post"}],"author":[{"embeddable":true,"href":"https:\/\/linitiative.ca\/International\/wp-json\/wp\/v2\/users\/1760"}],"replies":[{"embeddable":true,"href":"https:\/\/linitiative.ca\/International\/wp-json\/wp\/v2\/comments?post=132384"}],"version-history":[{"count":0,"href":"https:\/\/linitiative.ca\/International\/wp-json\/wp\/v2\/posts\/132384\/revisions"}],"wp:attachment":[{"href":"https:\/\/linitiative.ca\/International\/wp-json\/wp\/v2\/media?parent=132384"}],"wp:term":[{"taxonomy":"category","embeddable":true,"href":"https:\/\/linitiative.ca\/International\/wp-json\/wp\/v2\/categories?post=132384"},{"taxonomy":"post_tag","embeddable":true,"href":"https:\/\/linitiative.ca\/International\/wp-json\/wp\/v2\/tags?post=132384"}],"curies":[{"name":"wp","href":"https:\/\/api.w.org\/{rel}","templated":true}]}}