{"id":132388,"date":"2021-11-09T08:23:11","date_gmt":"2021-11-09T13:23:11","guid":{"rendered":"https:\/\/linitiative.ca\/International\/previsions-meteorologiques-pour-le-mercredi-10-novembre-2021\/"},"modified":"2021-11-09T08:23:11","modified_gmt":"2021-11-09T13:23:11","slug":"previsions-meteorologiques-pour-le-mercredi-10-novembre-2021","status":"publish","type":"post","link":"https:\/\/linitiative.ca\/International\/previsions-meteorologiques-pour-le-mercredi-10-novembre-2021\/","title":{"rendered":"Pr\u00e9visions m\u00e9t\u00e9orologiques pour le mercredi 10 novembre 2021"},"content":{"rendered":"<div>\n<div style=\"margin-bottom:20px;\"><img loading=\"lazy\" decoding=\"async\" width=\"750\" height=\"430\" src=\"https:\/\/linitiative.ca\/International\/wp-content\/uploads\/sites\/23\/2021\/11\/soleil-1-1-1.jpg\" class=\"attachment-post-thumbnail size-post-thumbnail wp-post-image\" alt=\"\" srcset=\"https:\/\/linitiative.ca\/International\/wp-content\/uploads\/sites\/23\/2021\/11\/soleil-1-1-1.jpg 750w, http:\/\/www.mapmarrakech.ma\/map\/uploads\/2021\/10\/soleil-1-1-300x172.jpg 300w\" sizes=\"auto, (max-width: 750px) 100vw, 750px\"><\/div>\n<p>\u2013 Temps assez froid avec gel\u00e9e locale sur l\u2019Atlas, le Rif, l\u2019Oriental, le sud-est, le Saiss et les plateaux de phosphates la nuit.<\/p>\n<p>\u2013 Formations brumeuses locales sur les c\u00f4tes nord et centre et l\u2019ouest de la m\u00e9diterran\u00e9e.<\/p>\n<p>\u2013 Quelques chasses sables sur le sud-est et l\u2019int\u00e9rieur des provinces sud.<\/p>\n<p>\u2013 Ciel peu \u00e0 passag\u00e8rement nuageux sur le sud.<\/p>\n<p>\u2013 Vent faible \u00e0 mod\u00e9r\u00e9 de secteur nord \u00e0 est sur le sud, de sud sur le sud-est et de nord \u00e0 variable ailleurs.<\/p>\n<p>\u2013 Temp\u00e9ratures minimales de l\u2019ordre de -02\/03\u00b0c sur l\u2019Atlas, le Rif et les hauts plateaux orientaux, 09\/14\u00b0c sur l\u2019extr\u00eame sud-est, le nord des provinces sud, le Souss et pr\u00e8s des c\u00f4tes atlantiques nord et centre, 14\/21\u00b0c sur le sud des provinces sahariennes et de 03\/09\u00b0 C ailleurs.<\/p>\n<p>\u2013 Temp\u00e9ratures maximales de l\u2019ordre de 10\/16\u00b0c sur les reliefs, le rif et les hauts plateaux orientaux, 22\/27\u00b0c sur les plaines atlantiques nord et centre, l\u2019extr\u00eame sud-est, le Souss et le nord des provinces sud, 27\/33\u00b0c sur le sud des provinces sahariennes et de 16\/22\u00b0c ailleurs.<\/p>\n<p>\u2013 Mer belle \u00e0 peu agit\u00e9e sur la m\u00e9diterran\u00e9e, le d\u00e9troit et entre Cap Spartel et Mehdia et peu agit\u00e9e \u00e0 agit\u00e9e au sud.<\/p>\n<p>The post <a rel=\"nofollow\" href=\"http:\/\/www.mapmarrakech.ma\/fr\/previsions-meteorologiques-pour-le-mercredi-10-novembre-2021\/\">Pr\u00e9visions m\u00e9t\u00e9orologiques pour le mercredi 10 novembre 2021<\/a> appeared first on <a rel=\"nofollow\" href=\"http:\/\/www.mapmarrakech.ma\/fr\">MapMarrakech<\/a>.<\/p>\n<\/div>\n<p>Auteur: Meriem IGASS<br \/>\n<a href=\"http:\/\/www.mapmarrakech.ma\/fr\/previsions-meteorologiques-pour-le-mercredi-10-novembre-2021\/\">Cliquez ici pour lire l&rsquo;article depuis sa source.<\/a><\/p>\n","protected":false},"excerpt":{"rendered":"<p>\u2013 Temps assez froid avec gel\u00e9e locale sur l\u2019Atlas, le Rif, l\u2019Oriental, le sud-est, le Saiss et les plateaux de phosphates la nuit. \u2013 Formations brumeuses locales sur les c\u00f4tes nord et centre et l\u2019ouest de la m\u00e9diterran\u00e9e. \u2013 Quelques chasses sables sur le sud-est et l\u2019int\u00e9rieur des provinces sud. \u2013 Ciel peu \u00e0 passag\u00e8rement [&hellip;]<\/p>\n","protected":false},"author":1788,"featured_media":0,"comment_status":"closed","ping_status":"closed","sticky":false,"template":"","format":"standard","meta":{"fifu_image_url":"http:\/\/www.mapmarrakech.ma\/map\/uploads\/2021\/10\/soleil-1-1.jpg","fifu_image_alt":"Pr\u00e9visions m\u00e9t\u00e9orologiques pour le mercredi 10 novembre 2021","footnotes":""},"categories":[54,76],"tags":[],"class_list":["post-132388","post","type-post","status-publish","format-standard","hentry","category-maroc","category-regions"],"_links":{"self":[{"href":"https:\/\/linitiative.ca\/International\/wp-json\/wp\/v2\/posts\/132388","targetHints":{"allow":["GET"]}}],"collection":[{"href":"https:\/\/linitiative.ca\/International\/wp-json\/wp\/v2\/posts"}],"about":[{"href":"https:\/\/linitiative.ca\/International\/wp-json\/wp\/v2\/types\/post"}],"author":[{"embeddable":true,"href":"https:\/\/linitiative.ca\/International\/wp-json\/wp\/v2\/users\/1788"}],"replies":[{"embeddable":true,"href":"https:\/\/linitiative.ca\/International\/wp-json\/wp\/v2\/comments?post=132388"}],"version-history":[{"count":0,"href":"https:\/\/linitiative.ca\/International\/wp-json\/wp\/v2\/posts\/132388\/revisions"}],"wp:attachment":[{"href":"https:\/\/linitiative.ca\/International\/wp-json\/wp\/v2\/media?parent=132388"}],"wp:term":[{"taxonomy":"category","embeddable":true,"href":"https:\/\/linitiative.ca\/International\/wp-json\/wp\/v2\/categories?post=132388"},{"taxonomy":"post_tag","embeddable":true,"href":"https:\/\/linitiative.ca\/International\/wp-json\/wp\/v2\/tags?post=132388"}],"curies":[{"name":"wp","href":"https:\/\/api.w.org\/{rel}","templated":true}]}}