{"id":132390,"date":"2021-11-09T09:04:33","date_gmt":"2021-11-09T14:04:33","guid":{"rendered":"https:\/\/linitiative.ca\/International\/le-centre-des-enfants-abandonnes-un-projet-a-forte-valeur-humaine\/"},"modified":"2021-11-09T09:04:33","modified_gmt":"2021-11-09T14:04:33","slug":"le-centre-des-enfants-abandonnes-un-projet-a-forte-valeur-humaine","status":"publish","type":"post","link":"https:\/\/linitiative.ca\/International\/le-centre-des-enfants-abandonnes-un-projet-a-forte-valeur-humaine\/","title":{"rendered":"Le Centre des enfants abandonn\u00e9s, un projet \u00e0 forte valeur humaine"},"content":{"rendered":"<div>\n<div style=\"margin-bottom:20px;\"><img loading=\"lazy\" decoding=\"async\" width=\"750\" height=\"430\" src=\"https:\/\/linitiative.ca\/International\/wp-content\/uploads\/sites\/23\/2021\/11\/centre-enfants-abandonnC3A9s-safi-copier.jpg\" class=\"attachment-post-thumbnail size-post-thumbnail wp-post-image\" alt=\"\" srcset=\"https:\/\/linitiative.ca\/International\/wp-content\/uploads\/sites\/23\/2021\/11\/centre-enfants-abandonnC3A9s-safi-copier.jpg 750w, http:\/\/www.mapmarrakech.ma\/map\/uploads\/2021\/11\/centre-enfants-abandonn\u00e9s-safi-copier-300x172.jpg 300w\" sizes=\"auto, (max-width: 750px) 100vw, 750px\"><\/div>\n<p>Inscrit dans le cadre du programme \u00ab\u00a0Accompagnement des personnes en situation de pr\u00e9carit\u00e9\u00a0\u00bb, le Centre pour enfants abandonn\u00e9s illustre, si besoin est, l\u2019int\u00e9r\u00eat tout particulier qu\u2019accorde l\u2019Initiative aux personnes vuln\u00e9rables, \u00e0 l\u2019am\u00e9lioration de leurs conditions de vie et \u00e0 la pr\u00e9servation de leurs droits les plus \u00e9l\u00e9mentaires, notamment celui \u00e0 une vie d\u00e9cente.<\/p>\n<p>D\u2019un co\u00fbt global de 300.000 DH, financ\u00e9s enti\u00e8rement par l\u2019INDH, le projet d\u2019am\u00e9nagement et d\u2019\u00e9quipement du Centre pour enfants abandonn\u00e9s \u00e0 Safi est g\u00e9r\u00e9 par l\u2019Association Bassma pour nourrisson.<\/p>\n<p>Ce projet, rappelle-t-on, est le fruit d\u2019un partenariat entre le Comit\u00e9 Provincial de D\u00e9veloppement Humain (CPDH) (300.000 DH pour l\u2019am\u00e9nagement et l\u2019\u00e9quipement du Centre), l\u2019Association Bassma (la gestion) et la d\u00e9l\u00e9gation provinciale de la Sant\u00e9 \u00e0 Safi (l\u2019encadrement m\u00e9dical).<\/p>\n<p>Programm\u00e9 au titre de l\u2019ann\u00e9e 2020, ce projet garantissant toutes les conditions de confort et de bien-\u00eatre aux petits enfants pensionnaires, se fixe pour missions d\u2019am\u00e9liorer et renforcer son offre actuelle, et de prendre en charge de fa\u00e7on appropri\u00e9e les personnes cibl\u00e9es, en tirant vers le haut la qualit\u00e9 des prestations de services qui leurs sont offertes.<\/p>\n<p>Dans une d\u00e9claration \u00e0 M24, la chaine t\u00e9l\u00e9vis\u00e9e de l\u2019information en continu de la MAP, Mme Khadija El Bouab, pr\u00e9sidente de l\u2019Association Bassma, gestionnaire de ce Centre, a rappel\u00e9 que son association a \u00e9t\u00e9 cr\u00e9\u00e9e en 2007 pour se loger dans un premier temps dans un local au sein de l\u2019h\u00f4pital, avant de d\u00e9m\u00e9nager d\u00e8s 2009 vers ce nouveau Centre, construit et \u00e9quip\u00e9, gr\u00e2ce \u00e0 l\u2019INDH, sur un lot de terrain offert par le minist\u00e8re de la sant\u00e9, et ce, conform\u00e9ment aux standards les plus exigeants en la mati\u00e8re.<\/p>\n<p>Apr\u00e8s avoir fait part de ses remerciements aux autorit\u00e9s provinciales pour leur engagement \u00e0 offrir \u00e0 ce Centre toutes les conditions du succ\u00e8s, elle a rappel\u00e9 que cette structure, dont la capacit\u00e9 d\u2019accueil totale s\u2019\u00e9l\u00e8ve \u00e0 30 enfants, compte 08 \u00e9ducatrices ayant pour mission de prendre en charge les petits enfants abandonn\u00e9s depuis la naissance jusqu\u2019\u00e0 l\u2019\u00e2ge de 4 ans.<\/p>\n<p>Et de poursuivre qu\u2019une fois l\u2019enfant atteint l\u2019\u00e2ge de 4 ans, il est transmis vers l\u2019un des SOS villages ou chez l\u2019une des familles d\u2019accueil apr\u00e8s l\u2019accomplissement aupr\u00e8s du juge de la famille, des proc\u00e9dures l\u00e9gales en vigueur en mati\u00e8re de la Kafala (prise en charge) de l\u2019enfant, notant qu\u2019au sein de ce Centre, chaque pensionnaire dispose d\u2019un dossier de suivi m\u00e9dical et b\u00e9n\u00e9ficie d\u2019une multitude de prestations de service.<\/p>\n<p>En guise de conclusion, Mme El Bouab s\u2019est dite tellement fi\u00e8re et si heureuse de voir que l\u2019ensemble des jeunes enfants qui sont pass\u00e9s par ce Centre, \u00e9voluer dans un environnement sain et poursuivent leur vie de fa\u00e7on normale au sein des familles d\u2019accueil.<\/p>\n<p>The post <a rel=\"nofollow\" href=\"http:\/\/www.mapmarrakech.ma\/fr\/le-centre-des-enfants-abandonnes-un-projet-de-lindh-a-forte-valeur-humaine\/\">Le Centre des enfants abandonn\u00e9s, un projet \u00e0 forte valeur humaine<\/a> appeared first on <a rel=\"nofollow\" href=\"http:\/\/www.mapmarrakech.ma\/fr\">MapMarrakech<\/a>.<\/p>\n<\/div>\n<p>Auteur: Meriem IGASS<br \/>\n<a href=\"http:\/\/www.mapmarrakech.ma\/fr\/le-centre-des-enfants-abandonnes-un-projet-de-lindh-a-forte-valeur-humaine\/\">Cliquez ici pour lire l&rsquo;article depuis sa source.<\/a><\/p>\n","protected":false},"excerpt":{"rendered":"<p>Inscrit dans le cadre du programme \u00ab\u00a0Accompagnement des personnes en situation de pr\u00e9carit\u00e9\u00a0\u00bb, le Centre pour enfants abandonn\u00e9s illustre, si besoin est, l\u2019int\u00e9r\u00eat tout particulier qu\u2019accorde l\u2019Initiative aux personnes vuln\u00e9rables, \u00e0 l\u2019am\u00e9lioration de leurs conditions de vie et \u00e0 la pr\u00e9servation de leurs droits les plus \u00e9l\u00e9mentaires, notamment celui \u00e0 une vie d\u00e9cente. D\u2019un co\u00fbt [&hellip;]<\/p>\n","protected":false},"author":1788,"featured_media":0,"comment_status":"closed","ping_status":"closed","sticky":false,"template":"","format":"standard","meta":{"fifu_image_url":"http:\/\/www.mapmarrakech.ma\/map\/uploads\/2021\/11\/centre-enfants-abandonn\u00e9s-safi-copier.jpg","fifu_image_alt":"Le Centre des enfants abandonn\u00e9s, un projet \u00e0 forte valeur humaine","footnotes":""},"categories":[54,76],"tags":[],"class_list":["post-132390","post","type-post","status-publish","format-standard","hentry","category-maroc","category-regions"],"_links":{"self":[{"href":"https:\/\/linitiative.ca\/International\/wp-json\/wp\/v2\/posts\/132390","targetHints":{"allow":["GET"]}}],"collection":[{"href":"https:\/\/linitiative.ca\/International\/wp-json\/wp\/v2\/posts"}],"about":[{"href":"https:\/\/linitiative.ca\/International\/wp-json\/wp\/v2\/types\/post"}],"author":[{"embeddable":true,"href":"https:\/\/linitiative.ca\/International\/wp-json\/wp\/v2\/users\/1788"}],"replies":[{"embeddable":true,"href":"https:\/\/linitiative.ca\/International\/wp-json\/wp\/v2\/comments?post=132390"}],"version-history":[{"count":0,"href":"https:\/\/linitiative.ca\/International\/wp-json\/wp\/v2\/posts\/132390\/revisions"}],"wp:attachment":[{"href":"https:\/\/linitiative.ca\/International\/wp-json\/wp\/v2\/media?parent=132390"}],"wp:term":[{"taxonomy":"category","embeddable":true,"href":"https:\/\/linitiative.ca\/International\/wp-json\/wp\/v2\/categories?post=132390"},{"taxonomy":"post_tag","embeddable":true,"href":"https:\/\/linitiative.ca\/International\/wp-json\/wp\/v2\/tags?post=132390"}],"curies":[{"name":"wp","href":"https:\/\/api.w.org\/{rel}","templated":true}]}}