{"id":132398,"date":"2021-11-09T13:56:19","date_gmt":"2021-11-09T18:56:19","guid":{"rendered":"https:\/\/linitiative.ca\/International\/m-akhannouch-preside-une-reunion-avec-les-directeurs-des-cri\/"},"modified":"2021-11-09T13:56:19","modified_gmt":"2021-11-09T18:56:19","slug":"m-akhannouch-preside-une-reunion-avec-les-directeurs-des-cri","status":"publish","type":"post","link":"https:\/\/linitiative.ca\/International\/m-akhannouch-preside-une-reunion-avec-les-directeurs-des-cri\/","title":{"rendered":"M. Akhannouch pr\u00e9side une r\u00e9union avec les directeurs des CRI"},"content":{"rendered":"<div>\n<div style=\"margin-bottom:20px;\"><img loading=\"lazy\" decoding=\"async\" width=\"750\" height=\"430\" src=\"https:\/\/linitiative.ca\/International\/wp-content\/uploads\/sites\/23\/2021\/11\/Akhannouch-prC3A9side-une-rC3A9union-avec-les-directeurs-des-CRI-750C397430-MAP-1.jpg\" class=\"attachment-post-thumbnail size-post-thumbnail wp-post-image\" alt=\"\" srcset=\"https:\/\/linitiative.ca\/International\/wp-content\/uploads\/sites\/23\/2021\/11\/Akhannouch-prC3A9side-une-rC3A9union-avec-les-directeurs-des-CRI-750C397430-MAP-1.jpg 750w, http:\/\/www.mapoujda.ma\/map\/uploads\/2021\/11\/Akhannouch-pr\u00e9side-une-r\u00e9union-avec-les-directeurs-des-CRI-750\u00d7430-MAP-1-300x172.jpg 300w\" sizes=\"auto, (max-width: 750px) 100vw, 750px\"><\/div>\n<p style=\"text-align: justify;\">Le Chef du gouvernement, M. Aziz Akhannouch a pr\u00e9sid\u00e9, mardi \u00e0 Rabat, une\u00a0r\u00e9union consacr\u00e9e \u00e0 l\u2019examen de l\u2019ensemble des mesures n\u00e9cessaires pour stimuler la relance \u00e9conomique \u00e0 travers l\u2019investissement et faciliter l\u2019acte d\u2019investir.<\/p>\n<p style=\"text-align: justify;\">La r\u00e9union a concern\u00e9 ainsi la contribution des Centres R\u00e9gionaux d\u2019Investissement (CRI) \u00e0 la mise en \u0153uvre, au niveau r\u00e9gional, des politiques publiques en mati\u00e8re d\u2019investissement et de revenir sur le travail important effectu\u00e9 par ces centres au cours des deux derni\u00e8res ann\u00e9es, apr\u00e8s la profonde r\u00e9forme op\u00e9r\u00e9e sous l\u2019impulsion de SM le Roi Mohammed VI, indique un communiqu\u00e9 du D\u00e9partement du Chef du gouvernement.<\/p>\n<p style=\"text-align: justify;\">Cette r\u00e9union s\u2019est d\u00e9roul\u00e9e en pr\u00e9sence du ministre de l\u2019Int\u00e9rieur, M. Abdelouafi Laftit, le\u00a0ministre d\u00e9l\u00e9gu\u00e9 aupr\u00e8s du Chef du gouvernement, charg\u00e9 de l\u2019Investissement, de la Convergence et de l\u2019Evaluation des politiques publiques, M.\u00a0Mohcine Jazouli, la\u00a0ministre d\u00e9l\u00e9gu\u00e9e aupr\u00e8s du Chef du Gouvernement charg\u00e9e de la Transition num\u00e9rique et de la R\u00e9forme administrative,\u00a0Mme Ghita Mezzour,\u00a0ainsi que les directeurs des 12 CRI du Royaume.<\/p>\n<p style=\"text-align: justify;\">Elle intervient suite \u00e0 la r\u00e9union consacr\u00e9e \u00e0 l\u2019investissement, et pr\u00e9sid\u00e9e par le Chef du gouvernement le 27 octobre dernier, et qui avait pour objectif de discuter de l\u2019ensemble des mesures n\u00e9cessaires \u00e0 l\u2019accompagnement de l\u2019investissement productif, g\u00e9n\u00e9rateur de valeur ajout\u00e9e et d\u2019emplois, notamment \u00e0 travers l\u2019action des CRI, conclut le communiqu\u00e9.<\/p>\n<p>L\u2019article <a rel=\"nofollow\" href=\"http:\/\/www.mapoujda.ma\/fr\/investissement-m-akhannouch-preside-une-reunion-avec-les-directeurs-des-cri\/\">M. Akhannouch pr\u00e9side une r\u00e9union avec les directeurs des CRI<\/a> est apparu en premier sur <a rel=\"nofollow\" href=\"http:\/\/www.mapoujda.ma\/fr\">MapOujda<\/a>.<\/p>\n<\/div>\n<p>Auteur: Soufiane ELAHMAR<br \/>\n<a href=\"http:\/\/www.mapoujda.ma\/fr\/investissement-m-akhannouch-preside-une-reunion-avec-les-directeurs-des-cri\/\">Cliquez ici pour lire l&rsquo;article depuis sa source.<\/a><\/p>\n","protected":false},"excerpt":{"rendered":"<p>Le Chef du gouvernement, M. Aziz Akhannouch a pr\u00e9sid\u00e9, mardi \u00e0 Rabat, une\u00a0r\u00e9union consacr\u00e9e \u00e0 l\u2019examen de l\u2019ensemble des mesures n\u00e9cessaires pour stimuler la relance \u00e9conomique \u00e0 travers l\u2019investissement et faciliter l\u2019acte d\u2019investir. La r\u00e9union a concern\u00e9 ainsi la contribution des Centres R\u00e9gionaux d\u2019Investissement (CRI) \u00e0 la mise en \u0153uvre, au niveau r\u00e9gional, des politiques [&hellip;]<\/p>\n","protected":false},"author":1788,"featured_media":0,"comment_status":"closed","ping_status":"closed","sticky":false,"template":"","format":"standard","meta":{"fifu_image_url":"http:\/\/www.mapoujda.ma\/map\/uploads\/2021\/11\/Akhannouch-pr\u00e9side-une-r\u00e9union-avec-les-directeurs-des-CRI-750\u00d7430-MAP-1.jpg","fifu_image_alt":"M. Akhannouch pr\u00e9side une r\u00e9union avec les directeurs des CRI","footnotes":""},"categories":[54,76],"tags":[],"class_list":["post-132398","post","type-post","status-publish","format-standard","hentry","category-maroc","category-regions"],"_links":{"self":[{"href":"https:\/\/linitiative.ca\/International\/wp-json\/wp\/v2\/posts\/132398","targetHints":{"allow":["GET"]}}],"collection":[{"href":"https:\/\/linitiative.ca\/International\/wp-json\/wp\/v2\/posts"}],"about":[{"href":"https:\/\/linitiative.ca\/International\/wp-json\/wp\/v2\/types\/post"}],"author":[{"embeddable":true,"href":"https:\/\/linitiative.ca\/International\/wp-json\/wp\/v2\/users\/1788"}],"replies":[{"embeddable":true,"href":"https:\/\/linitiative.ca\/International\/wp-json\/wp\/v2\/comments?post=132398"}],"version-history":[{"count":0,"href":"https:\/\/linitiative.ca\/International\/wp-json\/wp\/v2\/posts\/132398\/revisions"}],"wp:attachment":[{"href":"https:\/\/linitiative.ca\/International\/wp-json\/wp\/v2\/media?parent=132398"}],"wp:term":[{"taxonomy":"category","embeddable":true,"href":"https:\/\/linitiative.ca\/International\/wp-json\/wp\/v2\/categories?post=132398"},{"taxonomy":"post_tag","embeddable":true,"href":"https:\/\/linitiative.ca\/International\/wp-json\/wp\/v2\/tags?post=132398"}],"curies":[{"name":"wp","href":"https:\/\/api.w.org\/{rel}","templated":true}]}}