{"id":132403,"date":"2021-11-09T11:15:20","date_gmt":"2021-11-09T16:15:20","guid":{"rendered":"https:\/\/linitiative.ca\/International\/regulation-du-marche-des-capitaux-lammc-sallie-au-conseil-de-la-concurrence\/"},"modified":"2021-11-09T11:15:20","modified_gmt":"2021-11-09T16:15:20","slug":"regulation-du-marche-des-capitaux-lammc-sallie-au-conseil-de-la-concurrence","status":"publish","type":"post","link":"https:\/\/linitiative.ca\/International\/regulation-du-marche-des-capitaux-lammc-sallie-au-conseil-de-la-concurrence\/","title":{"rendered":"R\u00e9gulation du march\u00e9 des capitaux: l\u2019AMMC s\u2019allie au Conseil de la concurrence"},"content":{"rendered":"<div>\n<div class=\"field field-name-body field-type-text-with-summary field-label-hidden\">\n<div class=\"field-items\">\n<div class=\"field-item even\" property=\"content:encoded\">\n<p class=\"rtejustify\">L\u2019Autorit\u00e9 marocaine du march\u00e9 des capitaux (AMMC) a conclu, mardi \u00e0 Rabat, une convention de coop\u00e9ration avec le Conseil de la concurrence portant sur l&rsquo;instauration d\u2019un cadre de concertation autour des aspects li\u00e9s \u00e0 la r\u00e9gulation concurrentielle dans le march\u00e9 des capitaux.<\/p>\n<p class=\"rtejustify\">Cet accord s\u2019inscrit dans le cadre de la volont\u00e9 des deux institutions de cr\u00e9er une dynamique de coop\u00e9ration, d\u2019\u00e9change et de compl\u00e9mentarit\u00e9 qui garantit l\u2019effectivit\u00e9 et la p\u00e9rennit\u00e9 de leurs actions communes, pour une bonne gouvernance, indique-t-on.<\/p>\n<\/div>\n<\/div>\n<\/div>\n<\/div>\n<p>Auteur: hgueye<br \/>\n<a href=\"https:\/\/www.leconomiste.com\/flash-infos\/regulation-du-marche-des-capitaux-l-ammc-s-allie-au-conseil-de-la-concurrence\">Cliquez ici pour lire l&rsquo;article depuis sa source.<\/a><\/p>\n","protected":false},"excerpt":{"rendered":"<p>L\u2019Autorit\u00e9 marocaine du march\u00e9 des capitaux (AMMC) a conclu, mardi \u00e0 Rabat, une convention de coop\u00e9ration avec le Conseil de la concurrence portant sur l&rsquo;instauration d\u2019un cadre de concertation autour des aspects li\u00e9s \u00e0 la r\u00e9gulation concurrentielle dans le march\u00e9 des capitaux. Cet accord s\u2019inscrit dans le cadre de la volont\u00e9 des deux institutions de [&hellip;]<\/p>\n","protected":false},"author":1763,"featured_media":0,"comment_status":"closed","ping_status":"closed","sticky":false,"template":"","format":"standard","meta":{"fifu_image_url":"","fifu_image_alt":"","footnotes":""},"categories":[78,54],"tags":[],"class_list":["post-132403","post","type-post","status-publish","format-standard","hentry","category-economie","category-maroc"],"_links":{"self":[{"href":"https:\/\/linitiative.ca\/International\/wp-json\/wp\/v2\/posts\/132403","targetHints":{"allow":["GET"]}}],"collection":[{"href":"https:\/\/linitiative.ca\/International\/wp-json\/wp\/v2\/posts"}],"about":[{"href":"https:\/\/linitiative.ca\/International\/wp-json\/wp\/v2\/types\/post"}],"author":[{"embeddable":true,"href":"https:\/\/linitiative.ca\/International\/wp-json\/wp\/v2\/users\/1763"}],"replies":[{"embeddable":true,"href":"https:\/\/linitiative.ca\/International\/wp-json\/wp\/v2\/comments?post=132403"}],"version-history":[{"count":0,"href":"https:\/\/linitiative.ca\/International\/wp-json\/wp\/v2\/posts\/132403\/revisions"}],"wp:attachment":[{"href":"https:\/\/linitiative.ca\/International\/wp-json\/wp\/v2\/media?parent=132403"}],"wp:term":[{"taxonomy":"category","embeddable":true,"href":"https:\/\/linitiative.ca\/International\/wp-json\/wp\/v2\/categories?post=132403"},{"taxonomy":"post_tag","embeddable":true,"href":"https:\/\/linitiative.ca\/International\/wp-json\/wp\/v2\/tags?post=132403"}],"curies":[{"name":"wp","href":"https:\/\/api.w.org\/{rel}","templated":true}]}}