{"id":132404,"date":"2021-11-09T11:25:03","date_gmt":"2021-11-09T16:25:03","guid":{"rendered":"https:\/\/linitiative.ca\/International\/maroc-le-couvre-feu-leve-ce-mercredi-10-novembre\/"},"modified":"2021-11-09T11:25:03","modified_gmt":"2021-11-09T16:25:03","slug":"maroc-le-couvre-feu-leve-ce-mercredi-10-novembre","status":"publish","type":"post","link":"https:\/\/linitiative.ca\/International\/maroc-le-couvre-feu-leve-ce-mercredi-10-novembre\/","title":{"rendered":"Maroc: Le couvre-feu lev\u00e9 ce mercredi 10 novembre"},"content":{"rendered":"<div>\n<div class=\"field field-name-body field-type-text-with-summary field-label-hidden\">\n<div class=\"field-items\">\n<div class=\"field-item even\" property=\"content:encoded\">\n<p class=\"rtejustify\">Le gouvernement a d\u00e9cid\u00e9, ce mardi, de prendre un ensemble de mesures, dont la lev\u00e9e de l&rsquo;interdiction de circuler de nuit sur tout le territoire national, \u00e0 compter de demain, mercredi 10 novembre 2021. Cette mesure fait suite aux\u00a0recommandations du Comit\u00e9 scientifique et technique, aux r\u00e9sultats positifs obtenus lors de la campagne nationale de vaccination et l&rsquo;am\u00e9lioration de la situation \u00e9pid\u00e9miologique dans le Royaume.<\/p>\n<\/div>\n<\/div>\n<\/div>\n<\/div>\n<p>Auteur: hgueye<br \/>\n<a href=\"https:\/\/www.leconomiste.com\/flash-infos\/maroc-le-couvre-feu-leve-ce-mercredi-10-novembre\">Cliquez ici pour lire l&rsquo;article depuis sa source.<\/a><\/p>\n","protected":false},"excerpt":{"rendered":"<p>Le gouvernement a d\u00e9cid\u00e9, ce mardi, de prendre un ensemble de mesures, dont la lev\u00e9e de l&rsquo;interdiction de circuler de nuit sur tout le territoire national, \u00e0 compter de demain, mercredi 10 novembre 2021. Cette mesure fait suite aux\u00a0recommandations du Comit\u00e9 scientifique et technique, aux r\u00e9sultats positifs obtenus lors de la campagne nationale de vaccination [&hellip;]<\/p>\n","protected":false},"author":1763,"featured_media":0,"comment_status":"closed","ping_status":"closed","sticky":false,"template":"","format":"standard","meta":{"fifu_image_url":"","fifu_image_alt":"","footnotes":""},"categories":[78,54],"tags":[],"class_list":["post-132404","post","type-post","status-publish","format-standard","hentry","category-economie","category-maroc"],"_links":{"self":[{"href":"https:\/\/linitiative.ca\/International\/wp-json\/wp\/v2\/posts\/132404","targetHints":{"allow":["GET"]}}],"collection":[{"href":"https:\/\/linitiative.ca\/International\/wp-json\/wp\/v2\/posts"}],"about":[{"href":"https:\/\/linitiative.ca\/International\/wp-json\/wp\/v2\/types\/post"}],"author":[{"embeddable":true,"href":"https:\/\/linitiative.ca\/International\/wp-json\/wp\/v2\/users\/1763"}],"replies":[{"embeddable":true,"href":"https:\/\/linitiative.ca\/International\/wp-json\/wp\/v2\/comments?post=132404"}],"version-history":[{"count":0,"href":"https:\/\/linitiative.ca\/International\/wp-json\/wp\/v2\/posts\/132404\/revisions"}],"wp:attachment":[{"href":"https:\/\/linitiative.ca\/International\/wp-json\/wp\/v2\/media?parent=132404"}],"wp:term":[{"taxonomy":"category","embeddable":true,"href":"https:\/\/linitiative.ca\/International\/wp-json\/wp\/v2\/categories?post=132404"},{"taxonomy":"post_tag","embeddable":true,"href":"https:\/\/linitiative.ca\/International\/wp-json\/wp\/v2\/tags?post=132404"}],"curies":[{"name":"wp","href":"https:\/\/api.w.org\/{rel}","templated":true}]}}