{"id":132405,"date":"2021-11-09T03:04:00","date_gmt":"2021-11-09T08:04:00","guid":{"rendered":"https:\/\/linitiative.ca\/International\/les-fennecs-ont-participe-a-leur-premiere-seance-dentrainement-avant-le-match-face-a-djibouti\/"},"modified":"2021-11-09T03:04:00","modified_gmt":"2021-11-09T08:04:00","slug":"les-fennecs-ont-participe-a-leur-premiere-seance-dentrainement-avant-le-match-face-a-djibouti","status":"publish","type":"post","link":"https:\/\/linitiative.ca\/International\/les-fennecs-ont-participe-a-leur-premiere-seance-dentrainement-avant-le-match-face-a-djibouti\/","title":{"rendered":"Les Fennecs ont particip\u00e9 \u00e0 leur premi\u00e8re s\u00e9ance d&rsquo;entrainement avant le match face \u00e0 Djibouti"},"content":{"rendered":"<div>Les joueurs de la s\u00e9lection nationale ont ralli\u00e9 le Caire ce lundi et ont pris part \u00e0 leur premi\u00e8re s\u00e9ance d&rsquo;entrainement le m\u00eame jour<img loading=\"lazy\" decoding=\"async\" src=\"http:\/\/feeds.feedburner.com\/~r\/GalerieFArtciles\/~4\/U4ZPWl0YNME\" height=\"1\" width=\"1\" alt=\"\"><\/div>\n<p>Auteur:<br \/>\n<a href=\"http:\/\/www.lebuteur.com\/article\/detail?titre=les-fennecs-ont-participe-a-leur-premiere-seance-dentrainement-avant-le-match-face-a-djibouti&#038;id=101516&#038;utm_source=feedburner&#038;utm_medium=feed&#038;utm_campaign=Feed%3A+GalerieFArtciles+%28Les+derniers+articles++-+lebuteur.com%29\">Cliquez ici pour lire l&rsquo;article depuis sa source.<\/a><\/p>\n","protected":false},"excerpt":{"rendered":"<p>Les joueurs de la s\u00e9lection nationale ont ralli\u00e9 le Caire ce lundi et ont pris part \u00e0 leur premi\u00e8re s\u00e9ance d&rsquo;entrainement le m\u00eame jour Auteur: Cliquez ici pour lire l&rsquo;article depuis sa source.<\/p>\n","protected":false},"author":1738,"featured_media":0,"comment_status":"closed","ping_status":"closed","sticky":false,"template":"","format":"standard","meta":{"fifu_image_url":"http:\/\/feeds.feedburner.com\/~r\/GalerieFArtciles\/~4\/U4ZPWl0YNME","fifu_image_alt":"<div>Les Fennecs ont particip\u00e9 \u00e0 leur premi\u00e8re s\u00e9ance d'entrainement avant le match face \u00e0 Djibouti<\/div>","footnotes":""},"categories":[53,75],"tags":[],"class_list":["post-132405","post","type-post","status-publish","format-standard","hentry","category-algerie","category-sport"],"_links":{"self":[{"href":"https:\/\/linitiative.ca\/International\/wp-json\/wp\/v2\/posts\/132405","targetHints":{"allow":["GET"]}}],"collection":[{"href":"https:\/\/linitiative.ca\/International\/wp-json\/wp\/v2\/posts"}],"about":[{"href":"https:\/\/linitiative.ca\/International\/wp-json\/wp\/v2\/types\/post"}],"author":[{"embeddable":true,"href":"https:\/\/linitiative.ca\/International\/wp-json\/wp\/v2\/users\/1738"}],"replies":[{"embeddable":true,"href":"https:\/\/linitiative.ca\/International\/wp-json\/wp\/v2\/comments?post=132405"}],"version-history":[{"count":0,"href":"https:\/\/linitiative.ca\/International\/wp-json\/wp\/v2\/posts\/132405\/revisions"}],"wp:attachment":[{"href":"https:\/\/linitiative.ca\/International\/wp-json\/wp\/v2\/media?parent=132405"}],"wp:term":[{"taxonomy":"category","embeddable":true,"href":"https:\/\/linitiative.ca\/International\/wp-json\/wp\/v2\/categories?post=132405"},{"taxonomy":"post_tag","embeddable":true,"href":"https:\/\/linitiative.ca\/International\/wp-json\/wp\/v2\/tags?post=132405"}],"curies":[{"name":"wp","href":"https:\/\/api.w.org\/{rel}","templated":true}]}}