{"id":132423,"date":"2021-11-09T09:21:00","date_gmt":"2021-11-09T14:21:00","guid":{"rendered":"https:\/\/linitiative.ca\/International\/bientot-deux-annees-de-pandemie-quel-bilan-peut-on-faire-des-faiblesses-et-des-defis-de-la-mondialisation\/"},"modified":"2021-11-09T09:21:00","modified_gmt":"2021-11-09T14:21:00","slug":"bientot-deux-annees-de-pandemie-quel-bilan-peut-on-faire-des-faiblesses-et-des-defis-de-la-mondialisation","status":"publish","type":"post","link":"https:\/\/linitiative.ca\/International\/bientot-deux-annees-de-pandemie-quel-bilan-peut-on-faire-des-faiblesses-et-des-defis-de-la-mondialisation\/","title":{"rendered":"Bient\u00f4t deux ann\u00e9es de pand\u00e9mie, quel bilan peut-on faire des faiblesses et des d\u00e9fis de la mondialisation ?"},"content":{"rendered":"<div><img decoding=\"async\" src=\"https:\/\/linitiative.ca\/International\/wp-content\/uploads\/sites\/23\/2021\/11\/1636469867_article.jpg\" alt=\"Bient\u00f4t deux ann\u00e9es de pand\u00e9mie, quel bilan peut-on faire des faiblesses et des d\u00e9fis de la mondialisation ?\" align=\"left\">Par Taoufik Ayadi &#8211; Bien que la mondialisation a am\u00e9lior\u00e9 en 20 ans le niveau de vie g\u00e9n\u00e9ral dans le monde et r\u00e9duit \u00e0 quelque 700 millions de personnes le nombre des pays pauvres, selon un rapport de la\u00a0 Banque Mondiale, elle est de plus en plus mise en question depuis la crise financi\u00e8re de 2008. La raison en est ses co\u00fbts devenus insupportables, en particulier la destruction acc\u00e9l\u00e9r\u00e9e de l\u2019environnement et la multiplication \u00e0 grande \u00e9chelle de la corruption et de l\u2019\u00e9vasion fiscale.<br \/>\nLa pand\u00e9mie Covid-19 a mis \u00e0 nu d\u2019autres faiblesses de la mondialisation, qui ont emp\u00each\u00e9 les Etats \u00e0 s&rsquo;organiser rapidement et efficacement pour faire face \u00e0 un virus qui a fait en &#8230;<\/p>\n<\/div>\n<p>Auteur:<br \/>\n<a href=\"https:\/\/www.leaders.com.tn\/article\/32635-bientot-deux-annees-de-pandemie-quel-bilan-peut-on-faire-des-faiblesses-et-des-defis-de-la-mondialisation\">Cliquez ici pour lire l&rsquo;article depuis sa source.<\/a><\/p>\n","protected":false},"excerpt":{"rendered":"<p>Par Taoufik Ayadi &#8211; Bien que la mondialisation a am\u00e9lior\u00e9 en 20 ans le niveau de vie g\u00e9n\u00e9ral dans le monde et r\u00e9duit \u00e0 quelque 700 millions de personnes le nombre des pays pauvres, selon un rapport de la\u00a0 Banque Mondiale, elle est de plus en plus mise en question depuis la crise financi\u00e8re de [&hellip;]<\/p>\n","protected":false},"author":1772,"featured_media":0,"comment_status":"closed","ping_status":"closed","sticky":false,"template":"","format":"standard","meta":{"fifu_image_url":"http:\/\/www.leaders.com.tn\/uploads\/content\/thumbnails_small\/1636469867_article.jpg","fifu_image_alt":"Bient\u00f4t deux ann\u00e9es de pand\u00e9mie, quel bilan peut-on faire des faiblesses et des d\u00e9fis de la mondialisation ?","footnotes":""},"categories":[73,55],"tags":[],"class_list":["post-132423","post","type-post","status-publish","format-standard","hentry","category-actualite","category-tunisie"],"_links":{"self":[{"href":"https:\/\/linitiative.ca\/International\/wp-json\/wp\/v2\/posts\/132423","targetHints":{"allow":["GET"]}}],"collection":[{"href":"https:\/\/linitiative.ca\/International\/wp-json\/wp\/v2\/posts"}],"about":[{"href":"https:\/\/linitiative.ca\/International\/wp-json\/wp\/v2\/types\/post"}],"author":[{"embeddable":true,"href":"https:\/\/linitiative.ca\/International\/wp-json\/wp\/v2\/users\/1772"}],"replies":[{"embeddable":true,"href":"https:\/\/linitiative.ca\/International\/wp-json\/wp\/v2\/comments?post=132423"}],"version-history":[{"count":0,"href":"https:\/\/linitiative.ca\/International\/wp-json\/wp\/v2\/posts\/132423\/revisions"}],"wp:attachment":[{"href":"https:\/\/linitiative.ca\/International\/wp-json\/wp\/v2\/media?parent=132423"}],"wp:term":[{"taxonomy":"category","embeddable":true,"href":"https:\/\/linitiative.ca\/International\/wp-json\/wp\/v2\/categories?post=132423"},{"taxonomy":"post_tag","embeddable":true,"href":"https:\/\/linitiative.ca\/International\/wp-json\/wp\/v2\/tags?post=132423"}],"curies":[{"name":"wp","href":"https:\/\/api.w.org\/{rel}","templated":true}]}}