{"id":132436,"date":"2021-11-09T11:06:16","date_gmt":"2021-11-09T16:06:16","guid":{"rendered":"https:\/\/linitiative.ca\/International\/officiel-royal-air-maroc-lance-une-nouvelle-ligne-reliant-casablanca-a-tel-aviv-a-partir-du-12-decembre\/"},"modified":"2021-11-09T11:06:16","modified_gmt":"2021-11-09T16:06:16","slug":"officiel-royal-air-maroc-lance-une-nouvelle-ligne-reliant-casablanca-a-tel-aviv-a-partir-du-12-decembre","status":"publish","type":"post","link":"https:\/\/linitiative.ca\/International\/officiel-royal-air-maroc-lance-une-nouvelle-ligne-reliant-casablanca-a-tel-aviv-a-partir-du-12-decembre\/","title":{"rendered":"OFFICIEL: Royal Air Maroc lance une nouvelle ligne reliant Casablanca \u00e0 Tel Aviv \u00e0 partir du 12 D\u00e9cembre"},"content":{"rendered":"<div><img decoding=\"async\" width=\"800\" height=\"500\" src=\"https:\/\/linitiative.ca\/International\/wp-content\/uploads\/sites\/23\/2021\/11\/rammmmm.jpg\" class=\"attachment-post-thumbnail size-post-thumbnail wp-post-image\" alt=\"\" loading=\"lazy\" srcset=\"https:\/\/linitiative.ca\/International\/wp-content\/uploads\/sites\/23\/2021\/11\/rammmmm.jpg 800w, https:\/\/www.challenge.ma\/wp-content\/uploads\/2021\/11\/rammmmm-300x188.jpg 300w, https:\/\/www.challenge.ma\/wp-content\/uploads\/2021\/11\/rammmmm-768x480.jpg 768w, https:\/\/www.challenge.ma\/wp-content\/uploads\/2021\/11\/rammmmm-360x225.jpg 360w, https:\/\/www.challenge.ma\/wp-content\/uploads\/2021\/11\/rammmmm-750x469.jpg 750w\" sizes=\"auto, (max-width: 800px) 100vw, 800px\" itemprop=\"image\">Dans un communiqu\u00e9, Royal Air Maroc annonce le lancement, \u00e0 compter du 12 d\u00e9cembre 2021, d\u2019une nouvelle route a\u00e9rienne directe reliant Casablanca \u00e0 Tel Aviv. Trois fr\u00e9quences seront op\u00e9r\u00e9es avec un vol d\u2019une dur\u00e9e de moins de cinq heures et demie. Le nombre de fr\u00e9quences passera en peu de temps<\/div>\n<p>Auteur: challenge<br \/>\n<a href=\"https:\/\/www.challenge.ma\/officiel-ram-lance-une-nouvelle-ligne-reliant-casablanca-a-tel-aviv-a-partir-du-12-decembre-225679\/\">Cliquez ici pour lire l&rsquo;article depuis sa source.<\/a><\/p>\n","protected":false},"excerpt":{"rendered":"<p>Dans un communiqu\u00e9, Royal Air Maroc annonce le lancement, \u00e0 compter du 12 d\u00e9cembre 2021, d\u2019une nouvelle route a\u00e9rienne directe reliant Casablanca \u00e0 Tel Aviv. Trois fr\u00e9quences seront op\u00e9r\u00e9es avec un vol d\u2019une dur\u00e9e de moins de cinq heures et demie. Le nombre de fr\u00e9quences passera en peu de temps Auteur: challenge Cliquez ici pour [&hellip;]<\/p>\n","protected":false},"author":1787,"featured_media":0,"comment_status":"closed","ping_status":"closed","sticky":false,"template":"","format":"standard","meta":{"fifu_image_url":"https:\/\/www.challenge.ma\/wp-content\/uploads\/2021\/11\/rammmmm.jpg","fifu_image_alt":"OFFICIEL: Royal Air Maroc lance une nouvelle ligne reliant Casablanca \u00e0 Tel Aviv \u00e0 partir du 12 D\u00e9cembre","footnotes":""},"categories":[78,54],"tags":[],"class_list":["post-132436","post","type-post","status-publish","format-standard","hentry","category-economie","category-maroc"],"_links":{"self":[{"href":"https:\/\/linitiative.ca\/International\/wp-json\/wp\/v2\/posts\/132436","targetHints":{"allow":["GET"]}}],"collection":[{"href":"https:\/\/linitiative.ca\/International\/wp-json\/wp\/v2\/posts"}],"about":[{"href":"https:\/\/linitiative.ca\/International\/wp-json\/wp\/v2\/types\/post"}],"author":[{"embeddable":true,"href":"https:\/\/linitiative.ca\/International\/wp-json\/wp\/v2\/users\/1787"}],"replies":[{"embeddable":true,"href":"https:\/\/linitiative.ca\/International\/wp-json\/wp\/v2\/comments?post=132436"}],"version-history":[{"count":0,"href":"https:\/\/linitiative.ca\/International\/wp-json\/wp\/v2\/posts\/132436\/revisions"}],"wp:attachment":[{"href":"https:\/\/linitiative.ca\/International\/wp-json\/wp\/v2\/media?parent=132436"}],"wp:term":[{"taxonomy":"category","embeddable":true,"href":"https:\/\/linitiative.ca\/International\/wp-json\/wp\/v2\/categories?post=132436"},{"taxonomy":"post_tag","embeddable":true,"href":"https:\/\/linitiative.ca\/International\/wp-json\/wp\/v2\/tags?post=132436"}],"curies":[{"name":"wp","href":"https:\/\/api.w.org\/{rel}","templated":true}]}}