{"id":132438,"date":"2021-11-09T11:29:04","date_gmt":"2021-11-09T16:29:04","guid":{"rendered":"https:\/\/linitiative.ca\/International\/levee-du-couvre-feu-nocturne-au-maroc-a-compter-du-mercredi-10-novembre-2021\/"},"modified":"2021-11-09T11:29:04","modified_gmt":"2021-11-09T16:29:04","slug":"levee-du-couvre-feu-nocturne-au-maroc-a-compter-du-mercredi-10-novembre-2021","status":"publish","type":"post","link":"https:\/\/linitiative.ca\/International\/levee-du-couvre-feu-nocturne-au-maroc-a-compter-du-mercredi-10-novembre-2021\/","title":{"rendered":"Lev\u00e9e du couvre-feu nocturne au Maroc \u00e0 compter du mercredi 10 novembre 2021"},"content":{"rendered":"<div><img decoding=\"async\" width=\"1200\" height=\"600\" src=\"https:\/\/linitiative.ca\/International\/wp-content\/uploads\/sites\/23\/2021\/11\/couvre-feu.jpg\" class=\"attachment-post-thumbnail size-post-thumbnail wp-post-image\" alt=\"\" loading=\"lazy\" srcset=\"https:\/\/linitiative.ca\/International\/wp-content\/uploads\/sites\/23\/2021\/11\/couvre-feu.jpg 1200w, https:\/\/www.challenge.ma\/wp-content\/uploads\/2021\/11\/couvre-feu-300x150.jpg 300w, https:\/\/www.challenge.ma\/wp-content\/uploads\/2021\/11\/couvre-feu-1024x512.jpg 1024w, https:\/\/www.challenge.ma\/wp-content\/uploads\/2021\/11\/couvre-feu-768x384.jpg 768w, https:\/\/www.challenge.ma\/wp-content\/uploads\/2021\/11\/couvre-feu-360x180.jpg 360w, https:\/\/www.challenge.ma\/wp-content\/uploads\/2021\/11\/couvre-feu-750x375.jpg 750w\" sizes=\"auto, (max-width: 1200px) 100vw, 1200px\" itemprop=\"image\">Suite \u00e0 l\u2019am\u00e9lioration de la situation sanitaire et conform\u00e9ment aux recommandations de la commission scientifique et technique, le gouvernement annonce la lev\u00e9e du couvre-feu nocturne sur l\u2019ensemble du territoire marocain \u00e0 partir de ce mercredi 10 Novembre. Parmi les autres mesures annonc\u00e9es dans le m\u00eame communiqu\u00e9, le gouvernement a annonc\u00e9<\/div>\n<p>Auteur: challenge<br \/>\n<a href=\"https:\/\/www.challenge.ma\/levee-du-couvre-feu-nocturne-au-maroc-a-compter-de-mercredi-10-novembre-2021-225686\/\">Cliquez ici pour lire l&rsquo;article depuis sa source.<\/a><\/p>\n","protected":false},"excerpt":{"rendered":"<p>Suite \u00e0 l\u2019am\u00e9lioration de la situation sanitaire et conform\u00e9ment aux recommandations de la commission scientifique et technique, le gouvernement annonce la lev\u00e9e du couvre-feu nocturne sur l\u2019ensemble du territoire marocain \u00e0 partir de ce mercredi 10 Novembre. Parmi les autres mesures annonc\u00e9es dans le m\u00eame communiqu\u00e9, le gouvernement a annonc\u00e9 Auteur: challenge Cliquez ici pour [&hellip;]<\/p>\n","protected":false},"author":1787,"featured_media":0,"comment_status":"closed","ping_status":"closed","sticky":false,"template":"","format":"standard","meta":{"fifu_image_url":"https:\/\/www.challenge.ma\/wp-content\/uploads\/2021\/11\/couvre-feu.jpg","fifu_image_alt":"Lev\u00e9e du couvre-feu nocturne au Maroc \u00e0 compter du mercredi 10 novembre 2021","footnotes":""},"categories":[78,54],"tags":[],"class_list":["post-132438","post","type-post","status-publish","format-standard","hentry","category-economie","category-maroc"],"_links":{"self":[{"href":"https:\/\/linitiative.ca\/International\/wp-json\/wp\/v2\/posts\/132438","targetHints":{"allow":["GET"]}}],"collection":[{"href":"https:\/\/linitiative.ca\/International\/wp-json\/wp\/v2\/posts"}],"about":[{"href":"https:\/\/linitiative.ca\/International\/wp-json\/wp\/v2\/types\/post"}],"author":[{"embeddable":true,"href":"https:\/\/linitiative.ca\/International\/wp-json\/wp\/v2\/users\/1787"}],"replies":[{"embeddable":true,"href":"https:\/\/linitiative.ca\/International\/wp-json\/wp\/v2\/comments?post=132438"}],"version-history":[{"count":0,"href":"https:\/\/linitiative.ca\/International\/wp-json\/wp\/v2\/posts\/132438\/revisions"}],"wp:attachment":[{"href":"https:\/\/linitiative.ca\/International\/wp-json\/wp\/v2\/media?parent=132438"}],"wp:term":[{"taxonomy":"category","embeddable":true,"href":"https:\/\/linitiative.ca\/International\/wp-json\/wp\/v2\/categories?post=132438"},{"taxonomy":"post_tag","embeddable":true,"href":"https:\/\/linitiative.ca\/International\/wp-json\/wp\/v2\/tags?post=132438"}],"curies":[{"name":"wp","href":"https:\/\/api.w.org\/{rel}","templated":true}]}}