{"id":132441,"date":"2021-11-09T16:39:40","date_gmt":"2021-11-09T21:39:40","guid":{"rendered":"https:\/\/linitiative.ca\/International\/tunisie-najla-bouden-sentretient-avec-lambassadeur-de-turquie-a-tunis\/"},"modified":"2021-11-09T16:39:40","modified_gmt":"2021-11-09T21:39:40","slug":"tunisie-najla-bouden-sentretient-avec-lambassadeur-de-turquie-a-tunis","status":"publish","type":"post","link":"https:\/\/linitiative.ca\/International\/tunisie-najla-bouden-sentretient-avec-lambassadeur-de-turquie-a-tunis\/","title":{"rendered":"Tunisie \u2013 Najla Bouden s\u2019entretient avec l\u2019ambassadeur de Turquie \u00e0 Tunis"},"content":{"rendered":"<div>\n<p>L\u2019ambassade de Turquie \u00e0 Tunis a annonc\u00e9, ce soir, \u00e0 travers sa page facebook, qu\u2019un entretien a eu lieu, aujourd\u2019hui entre l\u2019Ambassadeur de Turquie en Tunisie M. \u00c7a\u011flar Fahri \u00c7ak\u0131ralp et la Cheffe du Gouvernement S.E. Mme Najla Bouden Romdhane, au palais du gouvernement \u00e0 la Kasbah. Cette rencontre a principalement port\u00e9 sur le renforcement [\u2026]<\/p>\n<p>L\u2019article <a href=\"https:\/\/www.tunisienumerique.com\/tunisie-najla-bouden-sentretient-avec-lambassadeur-de-turquie-a-tunis\/\">Tunisie \u2013 Najla Bouden s\u2019entretient avec l\u2019ambassadeur de Turquie \u00e0 Tunis<\/a> est apparu en premier sur <a href=\"https:\/\/www.tunisienumerique.com\/\">Tunisie<\/a>.<\/p>\n<\/div>\n<p>Auteur: LM<br \/>\n<a href=\"https:\/\/www.tunisienumerique.com\/tunisie-najla-bouden-sentretient-avec-lambassadeur-de-turquie-a-tunis\/\">Cliquez ici pour lire l&rsquo;article depuis sa source.<\/a><\/p>\n","protected":false},"excerpt":{"rendered":"<p>L\u2019ambassade de Turquie \u00e0 Tunis a annonc\u00e9, ce soir, \u00e0 travers sa page facebook, qu\u2019un entretien a eu lieu, aujourd\u2019hui entre l\u2019Ambassadeur de Turquie en Tunisie M. \u00c7a\u011flar Fahri \u00c7ak\u0131ralp et la Cheffe du Gouvernement S.E. Mme Najla Bouden Romdhane, au palais du gouvernement \u00e0 la Kasbah. Cette rencontre a principalement port\u00e9 sur le renforcement [&hellip;]<\/p>\n","protected":false},"author":1789,"featured_media":0,"comment_status":"closed","ping_status":"closed","sticky":false,"template":"","format":"standard","meta":{"fifu_image_url":"","fifu_image_alt":"","footnotes":""},"categories":[73,55],"tags":[],"class_list":["post-132441","post","type-post","status-publish","format-standard","hentry","category-actualite","category-tunisie"],"_links":{"self":[{"href":"https:\/\/linitiative.ca\/International\/wp-json\/wp\/v2\/posts\/132441","targetHints":{"allow":["GET"]}}],"collection":[{"href":"https:\/\/linitiative.ca\/International\/wp-json\/wp\/v2\/posts"}],"about":[{"href":"https:\/\/linitiative.ca\/International\/wp-json\/wp\/v2\/types\/post"}],"author":[{"embeddable":true,"href":"https:\/\/linitiative.ca\/International\/wp-json\/wp\/v2\/users\/1789"}],"replies":[{"embeddable":true,"href":"https:\/\/linitiative.ca\/International\/wp-json\/wp\/v2\/comments?post=132441"}],"version-history":[{"count":0,"href":"https:\/\/linitiative.ca\/International\/wp-json\/wp\/v2\/posts\/132441\/revisions"}],"wp:attachment":[{"href":"https:\/\/linitiative.ca\/International\/wp-json\/wp\/v2\/media?parent=132441"}],"wp:term":[{"taxonomy":"category","embeddable":true,"href":"https:\/\/linitiative.ca\/International\/wp-json\/wp\/v2\/categories?post=132441"},{"taxonomy":"post_tag","embeddable":true,"href":"https:\/\/linitiative.ca\/International\/wp-json\/wp\/v2\/tags?post=132441"}],"curies":[{"name":"wp","href":"https:\/\/api.w.org\/{rel}","templated":true}]}}