{"id":132447,"date":"2021-11-09T16:50:29","date_gmt":"2021-11-09T21:50:29","guid":{"rendered":"https:\/\/linitiative.ca\/International\/instruction-de-crimes-terroristes-des-acteurs-de-la-chaine-penale-renforcent-leurs-capacites\/"},"modified":"2021-11-09T16:50:29","modified_gmt":"2021-11-09T21:50:29","slug":"instruction-de-crimes-terroristes-des-acteurs-de-la-chaine-penale-renforcent-leurs-capacites","status":"publish","type":"post","link":"https:\/\/linitiative.ca\/International\/instruction-de-crimes-terroristes-des-acteurs-de-la-chaine-penale-renforcent-leurs-capacites\/","title":{"rendered":"Instruction de crimes terroristes : Des acteurs de la cha\u00eene p\u00e9nale renforcent leurs capacit\u00e9s"},"content":{"rendered":"<div>\n<p><strong>Le minist\u00e8re de la Justice, des Droits humains et de la Promotion civique, en collaboration avec le Programme des Nations unies pour le d\u00e9veloppement organise du 8 au 13 novembre 2021, \u00e0 Manga, un atelier de formation sur les techniques d\u2019enqu\u00eate, d\u2019instruction et de jugement au profit de magistrats, greffiers et officiers de police judiciaire des juridictions sp\u00e9cialis\u00e9es charg\u00e9es des dossiers de crimes terroristes. <\/strong><\/p>\n<p>Face \u00e0 la multiplication des actes terroristes, le minist\u00e8re de la Justice, des Droits humains et de la Promotion civique (MJDHPC) veut mieux \u2018\u2019armer \u2018\u2019 les acteurs des juridictions p\u00e9nales pour g\u00e9rer efficacement les dossiers y relatifs. En effet, le d\u00e9partement organise, du 8 au 13 novembre 2021, \u00e0 Manga, un atelier de formation au profit de 80 magistrats, greffiers et Officiers de police judiciaire (OPJ) des juridictions sp\u00e9cialis\u00e9es \u00e0 cet effet.<\/p>\n<p>La session porte sp\u00e9cifiquement sur les techniques d\u2019enqu\u00eate, d\u2019instruction et de jugement. Elle est organis\u00e9e avec l\u2019appui du Programme des Nations unies pour le d\u00e9veloppement (PNUD) \u00e0 travers son programme \u2018\u2019Coh\u00e9sion sociale, s\u00e9curit\u00e9 et \u00e9tat de droit\u2019\u2019. La directrice de cabinet du MJDHPC, repr\u00e9sentant la ministre, Awa Kafando, a expliqu\u00e9 \u00e0 l\u2019ouverture des travaux que l\u2019objectif \u00e0 terme de la formation est \u00ab d\u2019am\u00e9liorer significative-ment le rendement des acteurs des juridictions et les officiers de police judiciaire, charg\u00e9s de la gestion des dossiers de crimes terroristes \u00bb.<\/p>\n<p>Pour Madame Kafando, les actes terroristes avec leur corollaire de d\u00e9sastres appellent des r\u00e9actions fortes et efficaces, tendant \u00e0 leur pr\u00e9vention et \u00e0 leur r\u00e9pression le cas \u00e9ch\u00e9ant. Mais, celles-ci, a-t-elle insist\u00e9, doivent toujours s\u2019inscrire dans le respect de l\u2019\u00e9tat de droit et des garanties fondamentales \u00e0 la tenue d\u2019un proc\u00e8s.<\/p>\n<p>Aussi, selon elle, une r\u00e9ponse efficace et durable contre le terrorisme implique un appareil judiciaire solide, fiable et apte \u00e0 jouer sa partition \u00ab avec objectivit\u00e9 et impartialit\u00e9, quelles que soient les pressions ext\u00e9rieures \u00bb.<\/p>\n<h3>Une session qui tombe \u00e0 point<\/h3>\n<figure id=\"attachment_41876\" aria-describedby=\"caption-attachment-41876\" style=\"width: 300px\" class=\"wp-caption alignleft\"><img decoding=\"async\" loading=\"lazy\" class=\"size-medium wp-image-41876\" src=\"https:\/\/linitiative.ca\/International\/wp-content\/uploads\/sites\/23\/2021\/11\/sesse-300x167-1.gif\" alt=\"\" width=\"300\" height=\"167\" srcset=\"https:\/\/linitiative.ca\/International\/wp-content\/uploads\/sites\/23\/2021\/11\/sesse-300x167-1.gif 300w, https:\/\/www.sidwaya.info\/wp-content\/uploads\/2021\/11\/sesse-768x427.gif 768w, https:\/\/www.sidwaya.info\/wp-content\/uploads\/2021\/11\/sesse-150x83.gif 150w, https:\/\/www.sidwaya.info\/wp-content\/uploads\/2021\/11\/sesse-696x385.gif 696w, https:\/\/www.sidwaya.info\/wp-content\/uploads\/2021\/11\/sesse-755x420.gif 755w\" sizes=\"auto, (max-width: 300px) 100vw, 300px\"><figcaption id=\"caption-attachment-41876\" class=\"wp-caption-text\">Les participants seront outill\u00e9s aux techniques d\u2019enqu\u00eates li\u00e9es aux dossiers<br \/>de crimes terroristes.<\/figcaption><\/figure>\n<p>D\u2019o\u00f9 la n\u00e9cessit\u00e9, a-t-elle relev\u00e9, d\u2019outiller suffisamment les acteurs concern\u00e9s surtout dans un contexte o\u00f9 les tous premiers proc\u00e8s pour fait de terrorisme se sont ouverts au Burkina Faso.<\/p>\n<p>Le conseiller technique principal du programme COSED, Mahamane Ousmane Amadou, a not\u00e9 sa satisfaction de voir la session de formation des magistrats, greffiers et OPJ se tenir notamment avec l\u2019ouverture r\u00e9cente du Tribunal Ouaga 2 (TG2) et la juridiction sp\u00e9cialis\u00e9e pour les crimes terroristes. Il s\u2019est dit convaincu que ce renforcement de capacit\u00e9s des acteurs de la cha\u00eene p\u00e9nale \u00ab contribuera sans nul doute \u00e0 l\u2019am\u00e9lioration de la productivit\u00e9 et des respects des normes et standards internationaux et r\u00e9gionaux des juridictions d\u2019instruction sp\u00e9cialis\u00e9es pour les crimes terroristes \u00bb.<\/p>\n<p>Se r\u00e9jouissant aussi de la tenue de la session, le substitut du procureur du Faso pr\u00e8s le TGI2, Idrissa Sako, a estim\u00e9 qu\u2019elle est d\u2019une grande importance. \u00ab Le terrorisme est une criminalit\u00e9 d\u2019une autre forme ; ce qui veut dire qu\u2019on ne peut plus continuer avec les anciennes m\u00e9thodes. La criminalit\u00e9 a \u00e9volu\u00e9, il faut des m\u00e9thodes adapt\u00e9es pour pouvoir bien appr\u00e9hender le ph\u00e9nom\u00e8ne \u00bb, a-t-il soulign\u00e9, tout en rappelant qu\u2019il y avait ainsi un imp\u00e9ratif \u00e0 mettre \u00e0 niveau les capacit\u00e9s des acteurs des juridictions p\u00e9nales en mati\u00e8re de gestion des dossiers y relatifs.<\/p>\n<p>L\u2019atelier de formation de Manga est pr\u00e9vu se tenir en deux vagues. Apr\u00e8s la premi\u00e8re session qui se tient du 8 au 10 novembre 2021, une seconde est pr\u00e9vue \u00e0 la suite jusqu\u2019au 13 novembre 2021 avec un autre groupe de b\u00e9n\u00e9ficiaires.<\/p>\n<p style=\"text-align: right\"><strong> Mamady ZANGO<\/strong><\/p>\n<p style=\"text-align: right\">mzango18@gmail.com<\/p>\n<p>L\u2019article <a rel=\"nofollow\" href=\"https:\/\/www.sidwaya.info\/blog\/2021\/11\/09\/instruction-de-crimes-terroristes-des-acteurs-de-la-chaine-penale-renforcent-leurs-capacites\/\">Instruction de crimes terroristes : Des acteurs de la cha\u00eene p\u00e9nale renforcent leurs capacit\u00e9s<\/a> est apparu en premier sur <a rel=\"nofollow\" href=\"https:\/\/www.sidwaya.info\/\">Quotidien Sidwaya<\/a>.<\/p>\n<\/div>\n<p>Auteur: JK. Sidwaya<br \/>\n<a href=\"https:\/\/www.sidwaya.info\/blog\/2021\/11\/09\/instruction-de-crimes-terroristes-des-acteurs-de-la-chaine-penale-renforcent-leurs-capacites\/\">Cliquez ici pour lire l&rsquo;article depuis sa source.<\/a><\/p>\n","protected":false},"excerpt":{"rendered":"<p>Le minist\u00e8re de la Justice, des Droits humains et de la Promotion civique, en collaboration avec le Programme des Nations unies pour le d\u00e9veloppement organise du 8 au 13 novembre 2021, \u00e0 Manga, un atelier de formation sur les techniques d\u2019enqu\u00eate, d\u2019instruction et de jugement au profit de magistrats, greffiers et officiers de police judiciaire [&hellip;]<\/p>\n","protected":false},"author":1816,"featured_media":0,"comment_status":"closed","ping_status":"closed","sticky":false,"template":"","format":"standard","meta":{"fifu_image_url":"https:\/\/www.sidwaya.info\/wp-content\/uploads\/2021\/11\/sesse-300x167.gif","fifu_image_alt":"Instruction de crimes terroristes : Des acteurs de la cha\u00eene p\u00e9nale renforcent leurs capacit\u00e9s","footnotes":""},"categories":[73,81],"tags":[],"class_list":["post-132447","post","type-post","status-publish","format-standard","hentry","category-actualite","category-burkina-faso"],"_links":{"self":[{"href":"https:\/\/linitiative.ca\/International\/wp-json\/wp\/v2\/posts\/132447","targetHints":{"allow":["GET"]}}],"collection":[{"href":"https:\/\/linitiative.ca\/International\/wp-json\/wp\/v2\/posts"}],"about":[{"href":"https:\/\/linitiative.ca\/International\/wp-json\/wp\/v2\/types\/post"}],"author":[{"embeddable":true,"href":"https:\/\/linitiative.ca\/International\/wp-json\/wp\/v2\/users\/1816"}],"replies":[{"embeddable":true,"href":"https:\/\/linitiative.ca\/International\/wp-json\/wp\/v2\/comments?post=132447"}],"version-history":[{"count":0,"href":"https:\/\/linitiative.ca\/International\/wp-json\/wp\/v2\/posts\/132447\/revisions"}],"wp:attachment":[{"href":"https:\/\/linitiative.ca\/International\/wp-json\/wp\/v2\/media?parent=132447"}],"wp:term":[{"taxonomy":"category","embeddable":true,"href":"https:\/\/linitiative.ca\/International\/wp-json\/wp\/v2\/categories?post=132447"},{"taxonomy":"post_tag","embeddable":true,"href":"https:\/\/linitiative.ca\/International\/wp-json\/wp\/v2\/tags?post=132447"}],"curies":[{"name":"wp","href":"https:\/\/api.w.org\/{rel}","templated":true}]}}