{"id":132458,"date":"2021-11-09T14:18:01","date_gmt":"2021-11-09T19:18:01","guid":{"rendered":"https:\/\/linitiative.ca\/International\/benin-la-france-restitue-26-oeuvres-des-tresors-royaux-dabomey\/"},"modified":"2021-11-09T14:18:01","modified_gmt":"2021-11-09T19:18:01","slug":"benin-la-france-restitue-26-oeuvres-des-tresors-royaux-dabomey","status":"publish","type":"post","link":"https:\/\/linitiative.ca\/International\/benin-la-france-restitue-26-oeuvres-des-tresors-royaux-dabomey\/","title":{"rendered":"B\u00e9nin : la France restitue 26 \u0153uvres des tr\u00e9sors royaux d\u2019Abomey"},"content":{"rendered":"<div>\n<p><img loading=\"lazy\" decoding=\"async\" width=\"1061\" height=\"707\" src=\"https:\/\/linitiative.ca\/International\/wp-content\/uploads\/sites\/23\/2021\/11\/16364854825464.jpg\" class=\"attachment-post-thumbnail size-post-thumbnail wp-post-image\" alt=\"\" srcset=\"https:\/\/linitiative.ca\/International\/wp-content\/uploads\/sites\/23\/2021\/11\/16364854825464.jpg 1061w, https:\/\/www.journalducameroun.com\/wp-content\/uploads\/2021\/11\/16364854825464-300x200.jpg 300w, https:\/\/www.journalducameroun.com\/wp-content\/uploads\/2021\/11\/16364854825464-768x512.jpg 768w, https:\/\/www.journalducameroun.com\/wp-content\/uploads\/2021\/11\/16364854825464-1024x682.jpg 1024w, https:\/\/www.journalducameroun.com\/wp-content\/uploads\/2021\/11\/16364854825464-660x440.jpg 660w, https:\/\/www.journalducameroun.com\/wp-content\/uploads\/2021\/11\/16364854825464-600x400.jpg 600w\" sizes=\"auto, (max-width: 1061px) 100vw, 1061px\"><\/p>\n<p>L&rsquo;acte de transfert de propri\u00e9t\u00e9 a \u00e9t\u00e9 sign\u00e9 ce mardi au palais de l&rsquo;\u00c9lys\u00e9e (France) par les ministres b\u00e9ninois et fran\u00e7ais de la Culture, Jean-Michel Abimbola et Roselyne Bachelot.C&rsquo;est la fin d&rsquo;un processus in\u00e9dit. \u00a0\u00ab Une \u00e9tape importante dans les relations entre la France et le continent africain \u00bb, selon la pr\u00e9sidence fran\u00e7aise. Quatre ans apr\u00e8s l&rsquo;engagement d&rsquo;Emmanuel Macron de proc\u00e9der \u00e0 des restitutions du patrimoine africain en France, 26 tr\u00e9sors pill\u00e9s au XIXe si\u00e8cle par les troupes coloniales vont regagner le B\u00e9nin d\u00e8s mercredi.<\/p>\n<p>Parmi ces objets d&rsquo;art figurent des statues totem de l&rsquo;ancien royaume d&rsquo;Abomey ainsi que le tr\u00f4ne du roi B\u00e9hanzin, pill\u00e9s lors de la mise \u00e0 sac du palais d&rsquo;Abomey par les troupes coloniales en 1892.<\/p>\n<p>\u00ab C&rsquo;est notre \u00e2me qui revient, ce sont vingt-six \u0153uvres royales, bien plus que des objets. Cela rel\u00e8ve de notre patrimoine g\u00e9n\u00e9tique profond \u00bb, s&rsquo;est r\u00e9joui le pr\u00e9sident b\u00e9ninois, Patrice Talon, \u00e0 la sortie de la c\u00e9r\u00e9monie solennelle de signature de l&rsquo;acte de transfert.<\/p>\n<p>\u00a0Le locataire du Palais de la Marina n&rsquo;a toutefois pas manqu\u00e9 de souligner son amertume face au refus de la France de restituer les autres objets d&rsquo;arts encore expos\u00e9s dans les mus\u00e9es de l&rsquo;Hexagone.<\/p>\n<p>\u00ab Monsieur le Pr\u00e9sident, il est regrettable que cet acte de restitution, si pourtant appr\u00e9ciable, ne soit pas de port\u00e9e \u00e0 nous donner enti\u00e8rement satisfaction. En effet, comment voulez-vous qu&rsquo;\u00e0 mon d\u00e9part d&rsquo;ici avec les 26 \u0153uvres, mon enthousiasme soit total pendant que le dieu Gou, \u0153uvre embl\u00e9matique repr\u00e9sentant le dieu des m\u00e9taux et de la forge, la tablette du Fa, \u0153uvre mythique de divination du c\u00e9l\u00e8bre devin Gu\u00e9d\u00e9gb\u00e9, et beaucoup d&rsquo;autres, continuent d&rsquo;\u00eatre d\u00e9tenues ici en France au grand dam de leur ayant droit ? \u00bb, a dit Patrice Talon.<\/p>\n<p>Il reste cependant convaincu que l&rsquo;acte pos\u00e9 aujourd&rsquo;hui \u00ab n&rsquo;est qu&rsquo;une \u00e9tape dans le processus ambitieux d&rsquo;\u00e9quit\u00e9 et de restitution des patrimoines m\u00e9moriels extorqu\u00e9s jadis au royaume du territoire du B\u00e9nin par la France. \u00bb<\/p>\n<p>Cet article <a rel=\"nofollow\" href=\"https:\/\/www.journalducameroun.com\/benin-la-france-restitue-26-oeuvres-des-tresors-royaux-dabomey\/\">B\u00e9nin : la France restitue 26 \u0153uvres des tr\u00e9sors royaux d\u2019Abomey<\/a> est apparu en premier sur <a rel=\"nofollow\" href=\"https:\/\/www.journalducameroun.com\/\">Journal du Cameroun<\/a>.<\/p>\n<\/div>\n<p>Auteur: APA News<br \/>\n<a href=\"https:\/\/www.journalducameroun.com\/benin-la-france-restitue-26-oeuvres-des-tresors-royaux-dabomey\/\">Cliquez ici pour lire l&rsquo;article depuis sa source.<\/a><\/p>\n","protected":false},"excerpt":{"rendered":"<p>L&rsquo;acte de transfert de propri\u00e9t\u00e9 a \u00e9t\u00e9 sign\u00e9 ce mardi au palais de l&rsquo;\u00c9lys\u00e9e (France) par les ministres b\u00e9ninois et fran\u00e7ais de la Culture, Jean-Michel Abimbola et Roselyne Bachelot.C&rsquo;est la fin d&rsquo;un processus in\u00e9dit. \u00a0\u00ab Une \u00e9tape importante dans les relations entre la France et le continent africain \u00bb, selon la pr\u00e9sidence fran\u00e7aise. Quatre ans [&hellip;]<\/p>\n","protected":false},"author":1965,"featured_media":0,"comment_status":"closed","ping_status":"closed","sticky":false,"template":"","format":"standard","meta":{"fifu_image_url":"https:\/\/www.journalducameroun.com\/wp-content\/uploads\/2021\/11\/16364854825464.jpg","fifu_image_alt":"B\u00e9nin : la France restitue 26 \u0153uvres des tr\u00e9sors royaux d\u2019Abomey","footnotes":""},"categories":[73,82],"tags":[],"class_list":["post-132458","post","type-post","status-publish","format-standard","hentry","category-actualite","category-cameroun"],"_links":{"self":[{"href":"https:\/\/linitiative.ca\/International\/wp-json\/wp\/v2\/posts\/132458","targetHints":{"allow":["GET"]}}],"collection":[{"href":"https:\/\/linitiative.ca\/International\/wp-json\/wp\/v2\/posts"}],"about":[{"href":"https:\/\/linitiative.ca\/International\/wp-json\/wp\/v2\/types\/post"}],"author":[{"embeddable":true,"href":"https:\/\/linitiative.ca\/International\/wp-json\/wp\/v2\/users\/1965"}],"replies":[{"embeddable":true,"href":"https:\/\/linitiative.ca\/International\/wp-json\/wp\/v2\/comments?post=132458"}],"version-history":[{"count":0,"href":"https:\/\/linitiative.ca\/International\/wp-json\/wp\/v2\/posts\/132458\/revisions"}],"wp:attachment":[{"href":"https:\/\/linitiative.ca\/International\/wp-json\/wp\/v2\/media?parent=132458"}],"wp:term":[{"taxonomy":"category","embeddable":true,"href":"https:\/\/linitiative.ca\/International\/wp-json\/wp\/v2\/categories?post=132458"},{"taxonomy":"post_tag","embeddable":true,"href":"https:\/\/linitiative.ca\/International\/wp-json\/wp\/v2\/tags?post=132458"}],"curies":[{"name":"wp","href":"https:\/\/api.w.org\/{rel}","templated":true}]}}