{"id":132460,"date":"2021-11-09T14:18:02","date_gmt":"2021-11-09T19:18:02","guid":{"rendered":"https:\/\/linitiative.ca\/International\/des-pays-ouest-africains-tablent-en-cote-divoire-sur-les-enjeux-de-la-transhumance\/"},"modified":"2021-11-09T14:18:02","modified_gmt":"2021-11-09T19:18:02","slug":"des-pays-ouest-africains-tablent-en-cote-divoire-sur-les-enjeux-de-la-transhumance","status":"publish","type":"post","link":"https:\/\/linitiative.ca\/International\/des-pays-ouest-africains-tablent-en-cote-divoire-sur-les-enjeux-de-la-transhumance\/","title":{"rendered":"Des pays ouest-africains tablent en C\u00f4te d\u2019Ivoire sur les enjeux de la transhumance"},"content":{"rendered":"<div>\n<p><img loading=\"lazy\" decoding=\"async\" width=\"800\" height=\"533\" src=\"https:\/\/linitiative.ca\/International\/wp-content\/uploads\/sites\/23\/2021\/11\/16364854824128.jpg\" class=\"attachment-post-thumbnail size-post-thumbnail wp-post-image\" alt=\"\" srcset=\"https:\/\/linitiative.ca\/International\/wp-content\/uploads\/sites\/23\/2021\/11\/16364854824128.jpg 800w, https:\/\/www.journalducameroun.com\/wp-content\/uploads\/2021\/11\/16364854824128-300x200.jpg 300w, https:\/\/www.journalducameroun.com\/wp-content\/uploads\/2021\/11\/16364854824128-768x512.jpg 768w, https:\/\/www.journalducameroun.com\/wp-content\/uploads\/2021\/11\/16364854824128-660x440.jpg 660w, https:\/\/www.journalducameroun.com\/wp-content\/uploads\/2021\/11\/16364854824128-600x400.jpg 600w\" sizes=\"auto, (max-width: 800px) 100vw, 800px\"><\/p>\n<p>Des pays ouest-africains r\u00e9unis en atelier, \u00e0 Grand-Bassam, cit\u00e9 baln\u00e9aire situ\u00e9e \u00e0 40 Km au Sud-est d&rsquo;Abidjan, tablent sur les enjeux de la mobilit\u00e9 du b\u00e9tail pour un meilleur acc\u00e8s aux ressources et aux march\u00e9s.<\/p>\n<p>Cet atelier qui se d\u00e9roule du 8 au 9 novembre 2021, porte sur le projet d&rsquo;appui \u00e0 la mobilit\u00e9 du b\u00e9tail pour un meilleur acc\u00e8s aux ressources et aux march\u00e9s en Afrique de l&rsquo;Ouest. Ce projet vise neuf pays de la sous-r\u00e9gion.\u00a0<\/p>\n<p>Dans un mot, \u00e0 l&rsquo;ouverture, le repr\u00e9sentant du ministre ivoirien des ressources animales et halieutiques, a soutenu que \u00ab\u00a0l&rsquo;accroissement de nos ressources animales est le moyen de s&rsquo;affranchir de la d\u00e9pendance face aux importations en viande et en lait\u00a0\u00bb.\u00a0<\/p>\n<p>Il a fait observer que ce projet favorise l&rsquo;autosuffisance alimentaire et la cr\u00e9ation d&#8217;emplois, ainsi que la r\u00e9duction de la pauvret\u00e9. C&rsquo;est pourquoi la C\u00f4te d&rsquo;Ivoire a\u00a0\u00e9dict\u00e9 un cadre r\u00e9glementaire propice \u00e0 une croissance durable de cette fili\u00e8re. \u00a0\u00a0<\/p>\n<p>A l&rsquo;ins\u00e9curit\u00e9, avec la mont\u00e9e des actes de terrorisme dans la r\u00e9gion, et au changement climatique, il faut ajouter les conflits entre les diff\u00e9rents acteurs et usagers de la terre, des facteurs qui menacent la transhumance.\u00a0<\/p>\n<p>Selon les r\u00e9sultats pr\u00e9sent\u00e9s, ce projet a permis une gouvernance partag\u00e9e entre les organisations agro-pastorales et les collectivit\u00e9s, ainsi que la mise en place de march\u00e9s de b\u00e9tails, des points d&rsquo;eaux, des km de corridors s\u00e9curis\u00e9s.<\/p>\n<p>Il a favoris\u00e9 \u00e9galement l&rsquo;implantation d&rsquo;aires de repos et des aires de p\u00e2turage qui ont permis de r\u00e9duire les conflits entre agriculteurs et \u00e9leveurs, ce qui a entra\u00een\u00e9 une transhumance paisible entres les communaut\u00e9s.<\/p>\n<p>En outre, le projet a permis d&rsquo;am\u00e9liorer le bien-\u00eatre \u00e9conomique des habitants et des acteurs dans les communaut\u00e9s concern\u00e9es et de g\u00e9n\u00e9rer des revenus au niveau des collectivit\u00e9s territoriales dans les pays d&rsquo;intervention. \u00a0<\/p>\n<p>Dans la sous-r\u00e9gion ouest-africaines, plusieurs pays c\u00f4tiers d\u00e9pendent des pays sah\u00e9liens pour leur approvisionnement en viande, tel le Ghana et la C\u00f4te d&rsquo;Ivoire. La s\u00e9curit\u00e9 des corridors et la transhumance constituent des leviers pour une int\u00e9gration r\u00e9gionale.\u00a0<\/p>\n<p>M. C\u00e9dric Touquet, responsable des programmes Afrique pour l&rsquo;ONG fran\u00e7aise Acting for Life, qui pilote ce projet, a mis l&rsquo;accent sur le d\u00e9fi s\u00e9curitaire dans l&rsquo;ensemble de ces pays transfrontaliers du Nord et des pays c\u00f4tiers de la sous-r\u00e9gion pour une meilleure mobilit\u00e9.\u00a0<\/p>\n<p>Il a fait observer que \u00ab\u00a0la fili\u00e8re agropastorale n&rsquo;est pas segment\u00e9e\u00a0\u00bb. Ce projet qui met en synergie les activit\u00e9s des collectivit\u00e9s et les organisations pastorales, a permis de construire, \u00a0entre autres, des d\u00e9p\u00f4ts d&rsquo;aliments b\u00e9tails et des infrastructures marchandes.\u00a0<\/p>\n<p>Le projet \u00e0 termes vise sur les territoires transfrontaliers un d\u00e9veloppement \u00e9conomique et un prix abordable du kg de viande, et la prise en compte du contexte s\u00e9curitaire dont la d\u00e9gradation en r\u00e9duit la mobilit\u00e9, cl\u00e9 de vo\u00fbte du syst\u00e8me agropastorale.<\/p>\n<p>Cet atelier a r\u00e9uni des repr\u00e9sentants de la soci\u00e9t\u00e9 civile et des collectivit\u00e9s territoriales des pays d&rsquo;intervention (Guin\u00e9e, Nig\u00e9ria, Niger, Mali, Burkina Faso, C\u00f4te d&rsquo;Ivoire&#8230;). Le projet, co-financ\u00e9 par l&rsquo;AFD et l&rsquo;UE \u00e0 hauteur de 13 millions d&rsquo;euros, a d\u00e9j\u00e0 fait trois ans sur quatre ans pr\u00e9vus.\u00a0<\/p>\n<p>Sa mise en place est faite gr\u00e2ce \u00e0 plus d&rsquo;une vingtaine d&rsquo;organisations de la soci\u00e9t\u00e9 civile ouest-africaine qui oeuvrent sur le terrain avec les collectivit\u00e9s et les organisations pastorales pour installer des balises et permettre aux animaux de circuler sans conflits.\u00a0<\/p>\n<p>Cet article <a rel=\"nofollow\" href=\"https:\/\/www.journalducameroun.com\/des-pays-ouest-africains-tablent-en-cote-divoire-sur-les-enjeux-de-la-transhumance\/\">Des pays ouest-africains tablent en C\u00f4te d\u2019Ivoire sur les enjeux de la transhumance<\/a> est apparu en premier sur <a rel=\"nofollow\" href=\"https:\/\/www.journalducameroun.com\/\">Journal du Cameroun<\/a>.<\/p>\n<\/div>\n<p>Auteur: APA News<br \/>\n<a href=\"https:\/\/www.journalducameroun.com\/des-pays-ouest-africains-tablent-en-cote-divoire-sur-les-enjeux-de-la-transhumance\/\">Cliquez ici pour lire l&rsquo;article depuis sa source.<\/a><\/p>\n","protected":false},"excerpt":{"rendered":"<p>Des pays ouest-africains r\u00e9unis en atelier, \u00e0 Grand-Bassam, cit\u00e9 baln\u00e9aire situ\u00e9e \u00e0 40 Km au Sud-est d&rsquo;Abidjan, tablent sur les enjeux de la mobilit\u00e9 du b\u00e9tail pour un meilleur acc\u00e8s aux ressources et aux march\u00e9s. Cet atelier qui se d\u00e9roule du 8 au 9 novembre 2021, porte sur le projet d&rsquo;appui \u00e0 la mobilit\u00e9 du [&hellip;]<\/p>\n","protected":false},"author":1965,"featured_media":0,"comment_status":"closed","ping_status":"closed","sticky":false,"template":"","format":"standard","meta":{"fifu_image_url":"https:\/\/www.journalducameroun.com\/wp-content\/uploads\/2021\/11\/16364854824128.jpg","fifu_image_alt":"Des pays ouest-africains tablent en C\u00f4te d\u2019Ivoire sur les enjeux de la transhumance","footnotes":""},"categories":[73,82],"tags":[],"class_list":["post-132460","post","type-post","status-publish","format-standard","hentry","category-actualite","category-cameroun"],"_links":{"self":[{"href":"https:\/\/linitiative.ca\/International\/wp-json\/wp\/v2\/posts\/132460","targetHints":{"allow":["GET"]}}],"collection":[{"href":"https:\/\/linitiative.ca\/International\/wp-json\/wp\/v2\/posts"}],"about":[{"href":"https:\/\/linitiative.ca\/International\/wp-json\/wp\/v2\/types\/post"}],"author":[{"embeddable":true,"href":"https:\/\/linitiative.ca\/International\/wp-json\/wp\/v2\/users\/1965"}],"replies":[{"embeddable":true,"href":"https:\/\/linitiative.ca\/International\/wp-json\/wp\/v2\/comments?post=132460"}],"version-history":[{"count":0,"href":"https:\/\/linitiative.ca\/International\/wp-json\/wp\/v2\/posts\/132460\/revisions"}],"wp:attachment":[{"href":"https:\/\/linitiative.ca\/International\/wp-json\/wp\/v2\/media?parent=132460"}],"wp:term":[{"taxonomy":"category","embeddable":true,"href":"https:\/\/linitiative.ca\/International\/wp-json\/wp\/v2\/categories?post=132460"},{"taxonomy":"post_tag","embeddable":true,"href":"https:\/\/linitiative.ca\/International\/wp-json\/wp\/v2\/tags?post=132460"}],"curies":[{"name":"wp","href":"https:\/\/api.w.org\/{rel}","templated":true}]}}