{"id":132466,"date":"2021-11-09T05:18:52","date_gmt":"2021-11-09T10:18:52","guid":{"rendered":"https:\/\/linitiative.ca\/International\/la-mairie-de-kribi-2e-sollicite-laide-de-la-capef-pour-creer-une-usine-de-production-et-de-conditionnement-des-produits-de-la-mer\/"},"modified":"2021-11-09T05:18:52","modified_gmt":"2021-11-09T10:18:52","slug":"la-mairie-de-kribi-2e-sollicite-laide-de-la-capef-pour-creer-une-usine-de-production-et-de-conditionnement-des-produits-de-la-mer","status":"publish","type":"post","link":"https:\/\/linitiative.ca\/International\/la-mairie-de-kribi-2e-sollicite-laide-de-la-capef-pour-creer-une-usine-de-production-et-de-conditionnement-des-produits-de-la-mer\/","title":{"rendered":"La Mairie de Kribi 2e sollicite l\u2019aide de la CAPEF pour cr\u00e9er une usine de production et de conditionnement des produits de la mer"},"content":{"rendered":"<div>\n<p>La commune d\u2019arrondissement de Kribi 2<sup>e<\/sup>\u00a0(CAK) souhaite b\u00e9n\u00e9ficier de l\u2019accompagnement de la Chambre d\u2019Agriculture, des P\u00eaches, de l\u2019Elevage et des For\u00eats (CAPEF). La demande a \u00e9t\u00e9 faite ce mercredi, 27 octobre, par Th\u00e9orine Flavie Noale Epse Ntoutoum, maire de la CAK 2eme.<\/p>\n<p>Au cours de la visite effectu\u00e9e par Martin Mindjos Momeny, pr\u00e9sident de la chambre d\u2019agriculture, des p\u00eaches, d\u2019\u00e9levage et des for\u00eats du Cameroun dans ladite collectivit\u00e9 territoriale d\u00e9centralis\u00e9e.<\/p>\n<p>Concr\u00e8tement, la CAK 2<sup>e<\/sup>\u00a0esp\u00e8re obtenir un financement pour la construction d\u2019une chambre froide pour la bonne conservation du poisson et la production des blocs de glace pour les voyageurs. Elle souhaite \u00e9galement voir la CAPEF contribuer \u00e0 la construction d\u2019un hall de d\u00e9gustation de poissons afin de permettre aux visiteurs et populations locales de mieux savourer les produits de mer sur place.<\/p>\n<p>A Martin Mindjos Momeny, Th\u00e9orine Flavie Noale Epse Ntoutoum a pr\u00e9sent\u00e9 le projet de construction d\u2019un abattoir municipal pour lequel elle sollicite des financements. Et l\u2019accompagnement des acteurs du secteur de la p\u00eache \u00e0 la nasse afin de lutter contre les p\u00e9nuries et satisfaire les demandes qui ne cessent d\u2019\u00eatre croissantes.<\/p>\n<p>\u00ab\u00a0Nous voulons travailler pour la mise en place d\u2019un cluster pour le d\u00e9veloppement d\u2019une chaine de valeur pour l\u2019\u00e9levage de poissons et d\u2019autres produits de la mer. Avec l\u2019aide du gouvernement, l\u2019activit\u00e9 de d\u00e9veloppement de la p\u00eache a pris corps dans notre pays. Notre r\u00f4le est de la vulgariser aupr\u00e8s de nos ressortissants pour lesquels nous d\u00e9fendons les int\u00e9r\u00eats\u00a0\u00bb, a d\u00e9clar\u00e9 Martin Mindjos Momeny.<\/p>\n<p>Bras s\u00e9culier du Minist\u00e8re de l\u2019Elevage, des p\u00eaches et des industries animales, la CAPEF est une institution publique au service du d\u00e9veloppement du monde rural qui contribue \u00e0 la promotion de l\u2019entreprenariat jeune et \u00e0 une meilleure organisation des producteurs \u00e0 la base.<\/p>\n<p><strong>Berty Tounoudjou<\/strong><\/p>\n<p>L\u2019article <a rel=\"nofollow\" href=\"https:\/\/ecomatin.net\/la-mairie-de-kribi-2e-sollicite-laide-de-la-capef-pour-creer-une-usine-de-production-et-de-conditionnement-des-produits-de-la-mer\/\">La Mairie de Kribi 2e sollicite l\u2019aide de la CAPEF pour cr\u00e9er une usine de production et de conditionnement des produits de la mer<\/a> est apparu en premier sur <a rel=\"nofollow\" href=\"https:\/\/ecomatin.net\/\">EcoMatin<\/a>.<\/p>\n<\/div>\n<p>Auteur: EcoMatin<br \/>\n<a href=\"https:\/\/ecomatin.net\/la-mairie-de-kribi-2e-sollicite-laide-de-la-capef-pour-creer-une-usine-de-production-et-de-conditionnement-des-produits-de-la-mer\/\">Cliquez ici pour lire l&rsquo;article depuis sa source.<\/a><\/p>\n","protected":false},"excerpt":{"rendered":"<p>La commune d\u2019arrondissement de Kribi 2e\u00a0(CAK) souhaite b\u00e9n\u00e9ficier de l\u2019accompagnement de la Chambre d\u2019Agriculture, des P\u00eaches, de l\u2019Elevage et des For\u00eats (CAPEF). La demande a \u00e9t\u00e9 faite ce mercredi, 27 octobre, par Th\u00e9orine Flavie Noale Epse Ntoutoum, maire de la CAK 2eme. Au cours de la visite effectu\u00e9e par Martin Mindjos Momeny, pr\u00e9sident de la [&hellip;]<\/p>\n","protected":false},"author":1969,"featured_media":0,"comment_status":"closed","ping_status":"closed","sticky":false,"template":"","format":"standard","meta":{"fifu_image_url":"","fifu_image_alt":"","footnotes":""},"categories":[82,78],"tags":[],"class_list":["post-132466","post","type-post","status-publish","format-standard","hentry","category-cameroun","category-economie"],"_links":{"self":[{"href":"https:\/\/linitiative.ca\/International\/wp-json\/wp\/v2\/posts\/132466","targetHints":{"allow":["GET"]}}],"collection":[{"href":"https:\/\/linitiative.ca\/International\/wp-json\/wp\/v2\/posts"}],"about":[{"href":"https:\/\/linitiative.ca\/International\/wp-json\/wp\/v2\/types\/post"}],"author":[{"embeddable":true,"href":"https:\/\/linitiative.ca\/International\/wp-json\/wp\/v2\/users\/1969"}],"replies":[{"embeddable":true,"href":"https:\/\/linitiative.ca\/International\/wp-json\/wp\/v2\/comments?post=132466"}],"version-history":[{"count":0,"href":"https:\/\/linitiative.ca\/International\/wp-json\/wp\/v2\/posts\/132466\/revisions"}],"wp:attachment":[{"href":"https:\/\/linitiative.ca\/International\/wp-json\/wp\/v2\/media?parent=132466"}],"wp:term":[{"taxonomy":"category","embeddable":true,"href":"https:\/\/linitiative.ca\/International\/wp-json\/wp\/v2\/categories?post=132466"},{"taxonomy":"post_tag","embeddable":true,"href":"https:\/\/linitiative.ca\/International\/wp-json\/wp\/v2\/tags?post=132466"}],"curies":[{"name":"wp","href":"https:\/\/api.w.org\/{rel}","templated":true}]}}