{"id":132493,"date":"2021-11-10T11:01:00","date_gmt":"2021-11-10T16:01:00","guid":{"rendered":"https:\/\/linitiative.ca\/International\/tebboune-nira-pas-a-paris\/"},"modified":"2021-11-10T11:01:00","modified_gmt":"2021-11-10T16:01:00","slug":"tebboune-nira-pas-a-paris","status":"publish","type":"post","link":"https:\/\/linitiative.ca\/International\/tebboune-nira-pas-a-paris\/","title":{"rendered":"Tebboune n\u2019ira pas \u00e0 Paris"},"content":{"rendered":"<div>\u00ab Les conditions ne sont pas r\u00e9unies pour la participation personnelle du pr\u00e9sident \u00bb, a d\u00e9clar\u00e9 ce mercredi le ministres des Affaires \u00e9trang\u00e8res Ramtane Lamamra<\/div>\n<p>Auteur:<br \/>\n<a href=\"https:\/\/www.liberte-algerie.com\/actualite\/tebboune-nira-pas-a-paris-368079\">Cliquez ici pour lire l&rsquo;article depuis sa source.<\/a><\/p>\n","protected":false},"excerpt":{"rendered":"<p>\u00ab Les conditions ne sont pas r\u00e9unies pour la participation personnelle du pr\u00e9sident \u00bb, a d\u00e9clar\u00e9 ce mercredi le ministres des Affaires \u00e9trang\u00e8res Ramtane Lamamra Auteur: Cliquez ici pour lire l&rsquo;article depuis sa source.<\/p>\n","protected":false},"author":1742,"featured_media":0,"comment_status":"closed","ping_status":"closed","sticky":false,"template":"","format":"standard","meta":{"fifu_image_url":"","fifu_image_alt":"","footnotes":""},"categories":[73,53],"tags":[],"class_list":["post-132493","post","type-post","status-publish","format-standard","hentry","category-actualite","category-algerie"],"_links":{"self":[{"href":"https:\/\/linitiative.ca\/International\/wp-json\/wp\/v2\/posts\/132493","targetHints":{"allow":["GET"]}}],"collection":[{"href":"https:\/\/linitiative.ca\/International\/wp-json\/wp\/v2\/posts"}],"about":[{"href":"https:\/\/linitiative.ca\/International\/wp-json\/wp\/v2\/types\/post"}],"author":[{"embeddable":true,"href":"https:\/\/linitiative.ca\/International\/wp-json\/wp\/v2\/users\/1742"}],"replies":[{"embeddable":true,"href":"https:\/\/linitiative.ca\/International\/wp-json\/wp\/v2\/comments?post=132493"}],"version-history":[{"count":0,"href":"https:\/\/linitiative.ca\/International\/wp-json\/wp\/v2\/posts\/132493\/revisions"}],"wp:attachment":[{"href":"https:\/\/linitiative.ca\/International\/wp-json\/wp\/v2\/media?parent=132493"}],"wp:term":[{"taxonomy":"category","embeddable":true,"href":"https:\/\/linitiative.ca\/International\/wp-json\/wp\/v2\/categories?post=132493"},{"taxonomy":"post_tag","embeddable":true,"href":"https:\/\/linitiative.ca\/International\/wp-json\/wp\/v2\/tags?post=132493"}],"curies":[{"name":"wp","href":"https:\/\/api.w.org\/{rel}","templated":true}]}}