{"id":132506,"date":"2021-11-10T09:35:24","date_gmt":"2021-11-10T14:35:24","guid":{"rendered":"https:\/\/linitiative.ca\/International\/premier-contact-entre-le-nouvel-emissaire-americain-et-les-talibans\/"},"modified":"2021-11-10T09:35:24","modified_gmt":"2021-11-10T14:35:24","slug":"premier-contact-entre-le-nouvel-emissaire-americain-et-les-talibans","status":"publish","type":"post","link":"https:\/\/linitiative.ca\/International\/premier-contact-entre-le-nouvel-emissaire-americain-et-les-talibans\/","title":{"rendered":"Premier contact entre le nouvel \u00e9missaire am\u00e9ricain et les talibans"},"content":{"rendered":"<div>\n<div class=\"field field-name-body field-type-text-with-summary field-label-hidden\">\n<div class=\"field-items\">\n<div class=\"field-item even\" property=\"content:encoded\">\n<p class=\"rtejustify\">Une rencontre entre le nouvel \u00e9missaire am\u00e9ricain pour l&rsquo;Afghanistan, Thomas West, et des repr\u00e9sentants des Talibans est pr\u00e9vue jeudi au Pakistan, en pr\u00e9sence de diplomates chinois et russes, ont annonc\u00e9 mercredi des responsables pakistanais et am\u00e9ricains.<\/p>\n<\/div>\n<\/div>\n<\/div>\n<\/div>\n<p>Auteur: mbasraoui<br \/>\n<a href=\"https:\/\/www.leconomiste.com\/flash-infos\/premier-contact-entre-le-nouvel-emissaire-americain-et-les-talibans\">Cliquez ici pour lire l&rsquo;article depuis sa source.<\/a><\/p>\n","protected":false},"excerpt":{"rendered":"<p>Une rencontre entre le nouvel \u00e9missaire am\u00e9ricain pour l&rsquo;Afghanistan, Thomas West, et des repr\u00e9sentants des Talibans est pr\u00e9vue jeudi au Pakistan, en pr\u00e9sence de diplomates chinois et russes, ont annonc\u00e9 mercredi des responsables pakistanais et am\u00e9ricains. Auteur: mbasraoui Cliquez ici pour lire l&rsquo;article depuis sa source.<\/p>\n","protected":false},"author":1763,"featured_media":0,"comment_status":"closed","ping_status":"closed","sticky":false,"template":"","format":"standard","meta":{"fifu_image_url":"","fifu_image_alt":"","footnotes":""},"categories":[78,54],"tags":[],"class_list":["post-132506","post","type-post","status-publish","format-standard","hentry","category-economie","category-maroc"],"_links":{"self":[{"href":"https:\/\/linitiative.ca\/International\/wp-json\/wp\/v2\/posts\/132506","targetHints":{"allow":["GET"]}}],"collection":[{"href":"https:\/\/linitiative.ca\/International\/wp-json\/wp\/v2\/posts"}],"about":[{"href":"https:\/\/linitiative.ca\/International\/wp-json\/wp\/v2\/types\/post"}],"author":[{"embeddable":true,"href":"https:\/\/linitiative.ca\/International\/wp-json\/wp\/v2\/users\/1763"}],"replies":[{"embeddable":true,"href":"https:\/\/linitiative.ca\/International\/wp-json\/wp\/v2\/comments?post=132506"}],"version-history":[{"count":0,"href":"https:\/\/linitiative.ca\/International\/wp-json\/wp\/v2\/posts\/132506\/revisions"}],"wp:attachment":[{"href":"https:\/\/linitiative.ca\/International\/wp-json\/wp\/v2\/media?parent=132506"}],"wp:term":[{"taxonomy":"category","embeddable":true,"href":"https:\/\/linitiative.ca\/International\/wp-json\/wp\/v2\/categories?post=132506"},{"taxonomy":"post_tag","embeddable":true,"href":"https:\/\/linitiative.ca\/International\/wp-json\/wp\/v2\/tags?post=132506"}],"curies":[{"name":"wp","href":"https:\/\/api.w.org\/{rel}","templated":true}]}}