{"id":132512,"date":"2021-11-10T09:00:00","date_gmt":"2021-11-10T14:00:00","guid":{"rendered":"https:\/\/linitiative.ca\/International\/om-un-indesirable-deja-de-retour\/"},"modified":"2021-11-10T09:00:00","modified_gmt":"2021-11-10T14:00:00","slug":"om-un-indesirable-deja-de-retour","status":"publish","type":"post","link":"https:\/\/linitiative.ca\/International\/om-un-indesirable-deja-de-retour\/","title":{"rendered":"OM : Un ind\u00e9sirable d\u00e9j\u00e0 de retour ?"},"content":{"rendered":"<div>Pr\u00eat\u00e9 l\u2019\u00e9t\u00e9 dernier par l\u2019Olympique de Marseille aux Sardes de Cagliari, le milieu de terrain Kevin Strootman pourrait d\u00e9j\u00e0 faire son retour dans la cit\u00e9 phoc\u00e9enne.<img loading=\"lazy\" decoding=\"async\" src=\"http:\/\/feeds.feedburner.com\/~r\/GalerieFArtciles\/~4\/Lmxh75WbDsA\" height=\"1\" width=\"1\" alt=\"\"><\/div>\n<p>Auteur:<br \/>\n<a href=\"http:\/\/www.lebuteur.com\/article\/detail?titre=om-un-indesirable-deja-de-retour&#038;id=101527&#038;utm_source=feedburner&#038;utm_medium=feed&#038;utm_campaign=Feed%3A+GalerieFArtciles+%28Les+derniers+articles++-+lebuteur.com%29\">Cliquez ici pour lire l&rsquo;article depuis sa source.<\/a><\/p>\n","protected":false},"excerpt":{"rendered":"<p>Pr\u00eat\u00e9 l\u2019\u00e9t\u00e9 dernier par l\u2019Olympique de Marseille aux Sardes de Cagliari, le milieu de terrain Kevin Strootman pourrait d\u00e9j\u00e0 faire son retour dans la cit\u00e9 phoc\u00e9enne. Auteur: Cliquez ici pour lire l&rsquo;article depuis sa source.<\/p>\n","protected":false},"author":1738,"featured_media":0,"comment_status":"closed","ping_status":"closed","sticky":false,"template":"","format":"standard","meta":{"fifu_image_url":"http:\/\/feeds.feedburner.com\/~r\/GalerieFArtciles\/~4\/Lmxh75WbDsA","fifu_image_alt":"OM : Un ind\u00e9sirable d\u00e9j\u00e0 de retour ?","footnotes":""},"categories":[53,75],"tags":[],"class_list":["post-132512","post","type-post","status-publish","format-standard","hentry","category-algerie","category-sport"],"_links":{"self":[{"href":"https:\/\/linitiative.ca\/International\/wp-json\/wp\/v2\/posts\/132512","targetHints":{"allow":["GET"]}}],"collection":[{"href":"https:\/\/linitiative.ca\/International\/wp-json\/wp\/v2\/posts"}],"about":[{"href":"https:\/\/linitiative.ca\/International\/wp-json\/wp\/v2\/types\/post"}],"author":[{"embeddable":true,"href":"https:\/\/linitiative.ca\/International\/wp-json\/wp\/v2\/users\/1738"}],"replies":[{"embeddable":true,"href":"https:\/\/linitiative.ca\/International\/wp-json\/wp\/v2\/comments?post=132512"}],"version-history":[{"count":0,"href":"https:\/\/linitiative.ca\/International\/wp-json\/wp\/v2\/posts\/132512\/revisions"}],"wp:attachment":[{"href":"https:\/\/linitiative.ca\/International\/wp-json\/wp\/v2\/media?parent=132512"}],"wp:term":[{"taxonomy":"category","embeddable":true,"href":"https:\/\/linitiative.ca\/International\/wp-json\/wp\/v2\/categories?post=132512"},{"taxonomy":"post_tag","embeddable":true,"href":"https:\/\/linitiative.ca\/International\/wp-json\/wp\/v2\/tags?post=132512"}],"curies":[{"name":"wp","href":"https:\/\/api.w.org\/{rel}","templated":true}]}}