{"id":132544,"date":"2021-11-10T11:08:34","date_gmt":"2021-11-10T16:08:34","guid":{"rendered":"https:\/\/linitiative.ca\/International\/une-startup-marocaine-nominee-pour-le-prix-edf-pulse-africa-delectricite-de-france\/"},"modified":"2021-11-10T11:08:34","modified_gmt":"2021-11-10T16:08:34","slug":"une-startup-marocaine-nominee-pour-le-prix-edf-pulse-africa-delectricite-de-france","status":"publish","type":"post","link":"https:\/\/linitiative.ca\/International\/une-startup-marocaine-nominee-pour-le-prix-edf-pulse-africa-delectricite-de-france\/","title":{"rendered":"Une startup marocaine nomin\u00e9e pour le prix EDF Pulse Africa d\u2019\u00c9lectricit\u00e9 de France"},"content":{"rendered":"<div><img decoding=\"async\" width=\"1440\" height=\"1080\" src=\"https:\/\/linitiative.ca\/International\/wp-content\/uploads\/sites\/23\/2021\/11\/umm.jpg\" class=\"attachment-post-thumbnail size-post-thumbnail wp-post-image\" alt=\"\" loading=\"lazy\" srcset=\"https:\/\/linitiative.ca\/International\/wp-content\/uploads\/sites\/23\/2021\/11\/umm.jpg 1440w, https:\/\/www.challenge.ma\/wp-content\/uploads\/2021\/11\/umm-300x225.jpg 300w, https:\/\/www.challenge.ma\/wp-content\/uploads\/2021\/11\/umm-1024x768.jpg 1024w, https:\/\/www.challenge.ma\/wp-content\/uploads\/2021\/11\/umm-768x576.jpg 768w, https:\/\/www.challenge.ma\/wp-content\/uploads\/2021\/11\/umm-360x270.jpg 360w, https:\/\/www.challenge.ma\/wp-content\/uploads\/2021\/11\/umm-750x563.jpg 750w\" sizes=\"auto, (max-width: 1440px) 100vw, 1440px\" itemprop=\"image\">BMTA&amp;C, une startup marocaine, a remport\u00e9 la comp\u00e9tition pour repr\u00e9senter le Maroc \u00e0 la comp\u00e9tition continentale EDF Pulse Africa 2021 pour les startups. BMTA&amp;C, une startup de cr\u00e9ation marocaine op\u00e9rant au sein de l\u2019Universit\u00e9 Polytechnique Mohammed VI (UM6P) a remport\u00e9 la candidature nationale pour repr\u00e9senter le Maroc au niveau continental.<\/div>\n<p>Auteur: challenge<br \/>\n<a href=\"https:\/\/www.challenge.ma\/une-startup-marocaine-nominee-pour-le-prix-edf-pulse-africa-delectricite-de-france-225754\/\">Cliquez ici pour lire l&rsquo;article depuis sa source.<\/a><\/p>\n","protected":false},"excerpt":{"rendered":"<p>BMTA&amp;C, une startup marocaine, a remport\u00e9 la comp\u00e9tition pour repr\u00e9senter le Maroc \u00e0 la comp\u00e9tition continentale EDF Pulse Africa 2021 pour les startups. BMTA&amp;C, une startup de cr\u00e9ation marocaine op\u00e9rant au sein de l\u2019Universit\u00e9 Polytechnique Mohammed VI (UM6P) a remport\u00e9 la candidature nationale pour repr\u00e9senter le Maroc au niveau continental. Auteur: challenge Cliquez ici pour [&hellip;]<\/p>\n","protected":false},"author":1787,"featured_media":0,"comment_status":"closed","ping_status":"closed","sticky":false,"template":"","format":"standard","meta":{"fifu_image_url":"https:\/\/www.challenge.ma\/wp-content\/uploads\/2021\/11\/umm.jpg","fifu_image_alt":"Une startup marocaine nomin\u00e9e pour le prix EDF Pulse Africa d\u2019\u00c9lectricit\u00e9 de France","footnotes":""},"categories":[78,54],"tags":[],"class_list":["post-132544","post","type-post","status-publish","format-standard","hentry","category-economie","category-maroc"],"_links":{"self":[{"href":"https:\/\/linitiative.ca\/International\/wp-json\/wp\/v2\/posts\/132544","targetHints":{"allow":["GET"]}}],"collection":[{"href":"https:\/\/linitiative.ca\/International\/wp-json\/wp\/v2\/posts"}],"about":[{"href":"https:\/\/linitiative.ca\/International\/wp-json\/wp\/v2\/types\/post"}],"author":[{"embeddable":true,"href":"https:\/\/linitiative.ca\/International\/wp-json\/wp\/v2\/users\/1787"}],"replies":[{"embeddable":true,"href":"https:\/\/linitiative.ca\/International\/wp-json\/wp\/v2\/comments?post=132544"}],"version-history":[{"count":0,"href":"https:\/\/linitiative.ca\/International\/wp-json\/wp\/v2\/posts\/132544\/revisions"}],"wp:attachment":[{"href":"https:\/\/linitiative.ca\/International\/wp-json\/wp\/v2\/media?parent=132544"}],"wp:term":[{"taxonomy":"category","embeddable":true,"href":"https:\/\/linitiative.ca\/International\/wp-json\/wp\/v2\/categories?post=132544"},{"taxonomy":"post_tag","embeddable":true,"href":"https:\/\/linitiative.ca\/International\/wp-json\/wp\/v2\/tags?post=132544"}],"curies":[{"name":"wp","href":"https:\/\/api.w.org\/{rel}","templated":true}]}}