{"id":132546,"date":"2021-11-10T15:53:43","date_gmt":"2021-11-10T20:53:43","guid":{"rendered":"https:\/\/linitiative.ca\/International\/tunisie-mandat-de-depot-a-lencontre-dun-eleve-ayant-menace-son-professeur-de-lui-reserver-le-meme-sort-que-son-collegue-dezzahra\/"},"modified":"2021-11-10T15:53:43","modified_gmt":"2021-11-10T20:53:43","slug":"tunisie-mandat-de-depot-a-lencontre-dun-eleve-ayant-menace-son-professeur-de-lui-reserver-le-meme-sort-que-son-collegue-dezzahra","status":"publish","type":"post","link":"https:\/\/linitiative.ca\/International\/tunisie-mandat-de-depot-a-lencontre-dun-eleve-ayant-menace-son-professeur-de-lui-reserver-le-meme-sort-que-son-collegue-dezzahra\/","title":{"rendered":"Tunisie \u2013 Mandat de d\u00e9p\u00f4t \u00e0 l\u2019encontre d\u2019un \u00e9l\u00e8ve ayant menac\u00e9 son professeur de lui r\u00e9server le m\u00eame sort que son coll\u00e8gue d\u2019Ezzahra"},"content":{"rendered":"<div>\n<p>Le porte parole des forces de s\u00e9curit\u00e9 int\u00e9rieures \u00e0 Mahdia a annonc\u00e9, ce mercredi, que les forces de l\u2019ordre ont arr\u00eat\u00e9 un \u00e9l\u00e8ve de 17 ans, \u00e9tudiant au lyc\u00e9e de La Chebba, qui avait menac\u00e9, \u00e0 travers un post sur sa page facebook, son professeur d\u2019histoire g\u00e9ographie, de lui r\u00e9server le m\u00eame sort que son [\u2026]<\/p>\n<p>L\u2019article <a href=\"https:\/\/www.tunisienumerique.com\/tunisie-mandat-de-depot-a-lencontre-dun-eleve-ayant-menace-son-professeur-de-lui-reserver-le-meme-sort-que-son-collegue-dezzahra\/\">Tunisie \u2013 Mandat de d\u00e9p\u00f4t \u00e0 l\u2019encontre d\u2019un \u00e9l\u00e8ve ayant menac\u00e9 son professeur de lui r\u00e9server le m\u00eame sort que son coll\u00e8gue d\u2019Ezzahra<\/a> est apparu en premier sur <a href=\"https:\/\/www.tunisienumerique.com\/\">Tunisie<\/a>.<\/p>\n<\/div>\n<p>Auteur: LM<br \/>\n<a href=\"https:\/\/www.tunisienumerique.com\/tunisie-mandat-de-depot-a-lencontre-dun-eleve-ayant-menace-son-professeur-de-lui-reserver-le-meme-sort-que-son-collegue-dezzahra\/\">Cliquez ici pour lire l&rsquo;article depuis sa source.<\/a><\/p>\n","protected":false},"excerpt":{"rendered":"<p>Le porte parole des forces de s\u00e9curit\u00e9 int\u00e9rieures \u00e0 Mahdia a annonc\u00e9, ce mercredi, que les forces de l\u2019ordre ont arr\u00eat\u00e9 un \u00e9l\u00e8ve de 17 ans, \u00e9tudiant au lyc\u00e9e de La Chebba, qui avait menac\u00e9, \u00e0 travers un post sur sa page facebook, son professeur d\u2019histoire g\u00e9ographie, de lui r\u00e9server le m\u00eame sort que son [&hellip;]<\/p>\n","protected":false},"author":1789,"featured_media":0,"comment_status":"closed","ping_status":"closed","sticky":false,"template":"","format":"standard","meta":{"fifu_image_url":"","fifu_image_alt":"","footnotes":""},"categories":[73,55],"tags":[],"class_list":["post-132546","post","type-post","status-publish","format-standard","hentry","category-actualite","category-tunisie"],"_links":{"self":[{"href":"https:\/\/linitiative.ca\/International\/wp-json\/wp\/v2\/posts\/132546","targetHints":{"allow":["GET"]}}],"collection":[{"href":"https:\/\/linitiative.ca\/International\/wp-json\/wp\/v2\/posts"}],"about":[{"href":"https:\/\/linitiative.ca\/International\/wp-json\/wp\/v2\/types\/post"}],"author":[{"embeddable":true,"href":"https:\/\/linitiative.ca\/International\/wp-json\/wp\/v2\/users\/1789"}],"replies":[{"embeddable":true,"href":"https:\/\/linitiative.ca\/International\/wp-json\/wp\/v2\/comments?post=132546"}],"version-history":[{"count":0,"href":"https:\/\/linitiative.ca\/International\/wp-json\/wp\/v2\/posts\/132546\/revisions"}],"wp:attachment":[{"href":"https:\/\/linitiative.ca\/International\/wp-json\/wp\/v2\/media?parent=132546"}],"wp:term":[{"taxonomy":"category","embeddable":true,"href":"https:\/\/linitiative.ca\/International\/wp-json\/wp\/v2\/categories?post=132546"},{"taxonomy":"post_tag","embeddable":true,"href":"https:\/\/linitiative.ca\/International\/wp-json\/wp\/v2\/tags?post=132546"}],"curies":[{"name":"wp","href":"https:\/\/api.w.org\/{rel}","templated":true}]}}