{"id":132550,"date":"2021-11-10T17:03:33","date_gmt":"2021-11-10T22:03:33","guid":{"rendered":"https:\/\/linitiative.ca\/International\/tunisie-derniere-minute-arrestation-du-depute-gele-mohamed-salah-letifi-a-kasserine\/"},"modified":"2021-11-10T17:03:33","modified_gmt":"2021-11-10T22:03:33","slug":"tunisie-derniere-minute-arrestation-du-depute-gele-mohamed-salah-letifi-a-kasserine","status":"publish","type":"post","link":"https:\/\/linitiative.ca\/International\/tunisie-derniere-minute-arrestation-du-depute-gele-mohamed-salah-letifi-a-kasserine\/","title":{"rendered":"Tunisie \u2013 DERNIERE MINUTE\u00a0: Arrestation du d\u00e9put\u00e9 gel\u00e9 Mohamed Salah Letifi \u00e0 Kasserine"},"content":{"rendered":"<div>\n<p>Selon des sources concordantes, des agents de la garde nationale ont proc\u00e9d\u00e9, ce mercredi soir, \u00e0 l\u2019arrestation du d\u00e9put\u00e9 gel\u00e9, Mohamed Salah Letifi, et l\u2019a emmen\u00e9 \u00e0 Tunis, pour \u00eatre auditionn\u00e9 au p\u00f4le judiciaire financier. Selon ces m\u00eames sources, le motif de l\u2019arrestation serait en rapport avec des affaires d\u2019\u00e9vasion fiscale, de blanchiment d\u2019argent et [\u2026]<\/p>\n<p>L\u2019article <a href=\"https:\/\/www.tunisienumerique.com\/tunisie-derniere-minute-arrestation-du-depute-gele-mohamed-salah-letifi-a-kasserine\/\">Tunisie \u2013 DERNIERE MINUTE\u00a0: Arrestation du d\u00e9put\u00e9 gel\u00e9 Mohamed Salah Letifi \u00e0 Kasserine<\/a> est apparu en premier sur <a href=\"https:\/\/www.tunisienumerique.com\/\">Tunisie<\/a>.<\/p>\n<\/div>\n<p>Auteur: LM<br \/>\n<a href=\"https:\/\/www.tunisienumerique.com\/tunisie-derniere-minute-arrestation-du-depute-gele-mohamed-salah-letifi-a-kasserine\/\">Cliquez ici pour lire l&rsquo;article depuis sa source.<\/a><\/p>\n","protected":false},"excerpt":{"rendered":"<p>Selon des sources concordantes, des agents de la garde nationale ont proc\u00e9d\u00e9, ce mercredi soir, \u00e0 l\u2019arrestation du d\u00e9put\u00e9 gel\u00e9, Mohamed Salah Letifi, et l\u2019a emmen\u00e9 \u00e0 Tunis, pour \u00eatre auditionn\u00e9 au p\u00f4le judiciaire financier. Selon ces m\u00eames sources, le motif de l\u2019arrestation serait en rapport avec des affaires d\u2019\u00e9vasion fiscale, de blanchiment d\u2019argent et [&hellip;]<\/p>\n","protected":false},"author":1789,"featured_media":0,"comment_status":"closed","ping_status":"closed","sticky":false,"template":"","format":"standard","meta":{"fifu_image_url":"","fifu_image_alt":"","footnotes":""},"categories":[73,55],"tags":[],"class_list":["post-132550","post","type-post","status-publish","format-standard","hentry","category-actualite","category-tunisie"],"_links":{"self":[{"href":"https:\/\/linitiative.ca\/International\/wp-json\/wp\/v2\/posts\/132550","targetHints":{"allow":["GET"]}}],"collection":[{"href":"https:\/\/linitiative.ca\/International\/wp-json\/wp\/v2\/posts"}],"about":[{"href":"https:\/\/linitiative.ca\/International\/wp-json\/wp\/v2\/types\/post"}],"author":[{"embeddable":true,"href":"https:\/\/linitiative.ca\/International\/wp-json\/wp\/v2\/users\/1789"}],"replies":[{"embeddable":true,"href":"https:\/\/linitiative.ca\/International\/wp-json\/wp\/v2\/comments?post=132550"}],"version-history":[{"count":0,"href":"https:\/\/linitiative.ca\/International\/wp-json\/wp\/v2\/posts\/132550\/revisions"}],"wp:attachment":[{"href":"https:\/\/linitiative.ca\/International\/wp-json\/wp\/v2\/media?parent=132550"}],"wp:term":[{"taxonomy":"category","embeddable":true,"href":"https:\/\/linitiative.ca\/International\/wp-json\/wp\/v2\/categories?post=132550"},{"taxonomy":"post_tag","embeddable":true,"href":"https:\/\/linitiative.ca\/International\/wp-json\/wp\/v2\/tags?post=132550"}],"curies":[{"name":"wp","href":"https:\/\/api.w.org\/{rel}","templated":true}]}}