{"id":132559,"date":"2021-11-10T07:19:14","date_gmt":"2021-11-10T12:19:14","guid":{"rendered":"https:\/\/linitiative.ca\/International\/proces-de-thomas-sankara-la-plupart-des-temoins-cites-par-le-gal-diendere-ne-sont-plus-de-ce-monde\/"},"modified":"2021-11-10T07:19:14","modified_gmt":"2021-11-10T12:19:14","slug":"proces-de-thomas-sankara-la-plupart-des-temoins-cites-par-le-gal-diendere-ne-sont-plus-de-ce-monde","status":"publish","type":"post","link":"https:\/\/linitiative.ca\/International\/proces-de-thomas-sankara-la-plupart-des-temoins-cites-par-le-gal-diendere-ne-sont-plus-de-ce-monde\/","title":{"rendered":"Proc\u00e8s\u00a0de Thomas Sankara\u00a0: la plupart des t\u00e9moins cit\u00e9s par le gal Diender\u00e9 ne sont plus de ce monde"},"content":{"rendered":"<div>\n<p>L\u2019audience du proc\u00e8s de l\u2019assassinat de Thomas Sankara et ses douze compagnons se poursuit ce mercredi 10 novembre 2021 avec l\u2019interrogatoire du g\u00e9n\u00e9ral Gilbert Diender\u00e9 au tribunal militaire d\u00e9localis\u00e9 \u00e0 Ouaga 2000. Les \u00e9changes sont houleux entre la partie civile et l\u2019accus\u00e9, Gilbert Diender\u00e9, chef de corps adjoint du centre national d\u2019entrainement commando au moment des faits. A la question de savoir pourquoi il n\u2019a pas fait arr\u00eater ceux qui ont commis le forfait, assassin\u00e9 Thomas Sankara. Gilbert Diender\u00e9 r\u00e9pond qu\u2019en tant que\u00a0lieutenant, il n\u2019avait pas la possibilit\u00e9 de les arr\u00eater et qu\u2019il a rendu compte \u00e0 Blaise Compaor\u00e9 son chef de corps et au commandant Boukary Lengani. Il n\u2019a pas pu prot\u00e9ger le chef de l\u2019Etat Thomas Sankara parce que l\u2019attaque venait de l\u2019int\u00e9rieur. Me Olivier Badolo est revenu sur son ann\u00e9e d\u2019incorporation\u00a0et son \u00e9volution dans l\u2019arm\u00e9e.\u00a0\u00a0Me Badolo\u00a0pense que c\u2019est gr\u00e2ce aux services rendus \u00e0 Blaise Compaor\u00e9 qu\u2019il a gravi les \u00e9chelons jusqu\u2019\u00e0 arriver l\u00e0 o\u00f9 il est. L\u2019accus\u00e9 r\u00e9torque que son \u00e9volution est due \u00e0 ses capacit\u00e9s professionnelles. La partie civile a fait la remarque au gal Gilbert Diender\u00e9 que tous les t\u00e9moins qu\u2019il cite\u00a0ne sont plus de ce monde ou sont en fuite.<\/p>\n<p><strong>TS<\/strong><\/p>\n<p>\u00a0<\/p>\n<p>L\u2019article <a rel=\"nofollow\" href=\"https:\/\/www.sidwaya.info\/blog\/2021\/11\/10\/proces-de-thomas-sankara-la-plupart-des-temoins-cites-par-le-gal-diendere-ne-sont-plus-de-ce-monde\/\">Proc\u00e8s\u00a0de Thomas Sankara\u00a0: la plupart des t\u00e9moins cit\u00e9s par le gal Diender\u00e9 ne sont plus de ce monde<\/a> est apparu en premier sur <a rel=\"nofollow\" href=\"https:\/\/www.sidwaya.info\/\">Quotidien Sidwaya<\/a>.<\/p>\n<\/div>\n<p>Auteur: Wamini SIDWAYA<br \/>\n<a href=\"https:\/\/www.sidwaya.info\/blog\/2021\/11\/10\/proces-de-thomas-sankara-la-plupart-des-temoins-cites-par-le-gal-diendere-ne-sont-plus-de-ce-monde\/\">Cliquez ici pour lire l&rsquo;article depuis sa source.<\/a><\/p>\n","protected":false},"excerpt":{"rendered":"<p>L\u2019audience du proc\u00e8s de l\u2019assassinat de Thomas Sankara et ses douze compagnons se poursuit ce mercredi 10 novembre 2021 avec l\u2019interrogatoire du g\u00e9n\u00e9ral Gilbert Diender\u00e9 au tribunal militaire d\u00e9localis\u00e9 \u00e0 Ouaga 2000. Les \u00e9changes sont houleux entre la partie civile et l\u2019accus\u00e9, Gilbert Diender\u00e9, chef de corps adjoint du centre national d\u2019entrainement commando au moment [&hellip;]<\/p>\n","protected":false},"author":1816,"featured_media":0,"comment_status":"closed","ping_status":"closed","sticky":false,"template":"","format":"standard","meta":{"fifu_image_url":"","fifu_image_alt":"","footnotes":""},"categories":[73,81],"tags":[],"class_list":["post-132559","post","type-post","status-publish","format-standard","hentry","category-actualite","category-burkina-faso"],"_links":{"self":[{"href":"https:\/\/linitiative.ca\/International\/wp-json\/wp\/v2\/posts\/132559","targetHints":{"allow":["GET"]}}],"collection":[{"href":"https:\/\/linitiative.ca\/International\/wp-json\/wp\/v2\/posts"}],"about":[{"href":"https:\/\/linitiative.ca\/International\/wp-json\/wp\/v2\/types\/post"}],"author":[{"embeddable":true,"href":"https:\/\/linitiative.ca\/International\/wp-json\/wp\/v2\/users\/1816"}],"replies":[{"embeddable":true,"href":"https:\/\/linitiative.ca\/International\/wp-json\/wp\/v2\/comments?post=132559"}],"version-history":[{"count":0,"href":"https:\/\/linitiative.ca\/International\/wp-json\/wp\/v2\/posts\/132559\/revisions"}],"wp:attachment":[{"href":"https:\/\/linitiative.ca\/International\/wp-json\/wp\/v2\/media?parent=132559"}],"wp:term":[{"taxonomy":"category","embeddable":true,"href":"https:\/\/linitiative.ca\/International\/wp-json\/wp\/v2\/categories?post=132559"},{"taxonomy":"post_tag","embeddable":true,"href":"https:\/\/linitiative.ca\/International\/wp-json\/wp\/v2\/tags?post=132559"}],"curies":[{"name":"wp","href":"https:\/\/api.w.org\/{rel}","templated":true}]}}