{"id":132560,"date":"2021-11-10T12:15:02","date_gmt":"2021-11-10T17:15:02","guid":{"rendered":"https:\/\/linitiative.ca\/International\/faso-dan-fani-72-heures-pour-promouvoir-le-pagne-tisse-burkinabe\/"},"modified":"2021-11-10T12:15:02","modified_gmt":"2021-11-10T17:15:02","slug":"faso-dan-fani-72-heures-pour-promouvoir-le-pagne-tisse-burkinabe","status":"publish","type":"post","link":"https:\/\/linitiative.ca\/International\/faso-dan-fani-72-heures-pour-promouvoir-le-pagne-tisse-burkinabe\/","title":{"rendered":"\u00a0 Faso Dan Fani\u00a0: 72 heures pour promouvoir le pagne tiss\u00e9 burkinab\u00e8"},"content":{"rendered":"<div>\n<p><strong>La \u00a0F\u00e9d\u00e9ration nationale des tisseuses du Burkina Faso (FENATI\/BF) organise, du 11 au 13 novembre 2021,\u00a0 les 72 heures du \u00a0Faso Dan Fani sur le site du SIAO. <\/strong><\/p>\n<p>Les tisseuses entendent contribuer \u00e0 la promotion du pagne tiss\u00e9 burkinab\u00e8, le Faso Dan Fani. R\u00e9unies au sein de la \u00a0F\u00e9d\u00e9ration nationale des tisseuses du Burkina Faso (FENATI\/BF), elles organisent, du 11 au 13 novembre 2021 sur le site du SIAO, la premi\u00e8re \u00e9dition des\u00a0 72 heures de Faso Dan Fani. Face \u00e0 la presse, le mardi 09 novembre dernier, la pr\u00e9sidente de la FENATI\/BF, Justine Kafando, a fait savoir que \u00a0l\u2019objectif de la manifestation est de promouvoir et de valoriser le pagne Faso Dan Fani, en soulignant sa plus-value dans l\u2019\u00e9conomie burkinab\u00e8.<\/p>\n<p>Diverses activit\u00e9s sont, a-t-elle annonc\u00e9, programm\u00e9es, \u00e0 savoir \u00a0une \u00a0c\u00e9r\u00e9monie d\u2019ouverture, une parade des tisseuses des 13 r\u00e9gions, un d\u00eener-gala, un d\u00e9fil\u00e9 de mode tradi-moderne et un panel sur la th\u00e9matique : <em>\u00ab\u00a0contribution du Faso Dan Fani dans l\u2019\u00e9conomie du Burkina Faso\u00a0\u00bb.<\/em> A ces 72 heures, les pagnes seront vendus, a affirm\u00e9 madame Kafando, \u00e0 des prix accessibles. Car, a-t-elle reconnu, le Faso Dan Fani n\u2019est \u00a0pas \u00e0 la port\u00e9e de tous les \u00a0citoyens.<\/p>\n<p>\u00a0<\/p>\n<p style=\"text-align: right\"><strong>Alassane KERE<\/strong><\/p>\n<p>L\u2019article <a rel=\"nofollow\" href=\"https:\/\/www.sidwaya.info\/blog\/2021\/11\/10\/faso-dan-fani-72-heures-pour-promouvoir-le-pagne-tisse-burkinabe\/\">\u00a0 Faso Dan Fani\u00a0: 72 heures pour promouvoir le pagne tiss\u00e9 burkinab\u00e8<\/a> est apparu en premier sur <a rel=\"nofollow\" href=\"https:\/\/www.sidwaya.info\/\">Quotidien Sidwaya<\/a>.<\/p>\n<\/div>\n<p>Auteur: Wamini SIDWAYA<br \/>\n<a href=\"https:\/\/www.sidwaya.info\/blog\/2021\/11\/10\/faso-dan-fani-72-heures-pour-promouvoir-le-pagne-tisse-burkinabe\/\">Cliquez ici pour lire l&rsquo;article depuis sa source.<\/a><\/p>\n","protected":false},"excerpt":{"rendered":"<p>La \u00a0F\u00e9d\u00e9ration nationale des tisseuses du Burkina Faso (FENATI\/BF) organise, du 11 au 13 novembre 2021,\u00a0 les 72 heures du \u00a0Faso Dan Fani sur le site du SIAO. Les tisseuses entendent contribuer \u00e0 la promotion du pagne tiss\u00e9 burkinab\u00e8, le Faso Dan Fani. R\u00e9unies au sein de la \u00a0F\u00e9d\u00e9ration nationale des tisseuses du Burkina Faso [&hellip;]<\/p>\n","protected":false},"author":1816,"featured_media":0,"comment_status":"closed","ping_status":"closed","sticky":false,"template":"","format":"standard","meta":{"fifu_image_url":"","fifu_image_alt":"","footnotes":""},"categories":[73,81],"tags":[],"class_list":["post-132560","post","type-post","status-publish","format-standard","hentry","category-actualite","category-burkina-faso"],"_links":{"self":[{"href":"https:\/\/linitiative.ca\/International\/wp-json\/wp\/v2\/posts\/132560","targetHints":{"allow":["GET"]}}],"collection":[{"href":"https:\/\/linitiative.ca\/International\/wp-json\/wp\/v2\/posts"}],"about":[{"href":"https:\/\/linitiative.ca\/International\/wp-json\/wp\/v2\/types\/post"}],"author":[{"embeddable":true,"href":"https:\/\/linitiative.ca\/International\/wp-json\/wp\/v2\/users\/1816"}],"replies":[{"embeddable":true,"href":"https:\/\/linitiative.ca\/International\/wp-json\/wp\/v2\/comments?post=132560"}],"version-history":[{"count":0,"href":"https:\/\/linitiative.ca\/International\/wp-json\/wp\/v2\/posts\/132560\/revisions"}],"wp:attachment":[{"href":"https:\/\/linitiative.ca\/International\/wp-json\/wp\/v2\/media?parent=132560"}],"wp:term":[{"taxonomy":"category","embeddable":true,"href":"https:\/\/linitiative.ca\/International\/wp-json\/wp\/v2\/categories?post=132560"},{"taxonomy":"post_tag","embeddable":true,"href":"https:\/\/linitiative.ca\/International\/wp-json\/wp\/v2\/tags?post=132560"}],"curies":[{"name":"wp","href":"https:\/\/api.w.org\/{rel}","templated":true}]}}