{"id":132561,"date":"2021-11-10T15:18:02","date_gmt":"2021-11-10T20:18:02","guid":{"rendered":"https:\/\/linitiative.ca\/International\/fonds-de-soutien-covid-19-revision-des-conditions-pour-les-entreprises-ivoiriennes\/"},"modified":"2021-11-10T15:18:02","modified_gmt":"2021-11-10T20:18:02","slug":"fonds-de-soutien-covid-19-revision-des-conditions-pour-les-entreprises-ivoiriennes","status":"publish","type":"post","link":"https:\/\/linitiative.ca\/International\/fonds-de-soutien-covid-19-revision-des-conditions-pour-les-entreprises-ivoiriennes\/","title":{"rendered":"Fonds de soutien Covid-19: r\u00e9vision des conditions pour les entreprises ivoiriennes"},"content":{"rendered":"<div>\n<p><img loading=\"lazy\" decoding=\"async\" width=\"448\" height=\"298\" src=\"https:\/\/linitiative.ca\/International\/wp-content\/uploads\/sites\/23\/2021\/11\/16365754829889.jpg\" class=\"attachment-post-thumbnail size-post-thumbnail wp-post-image\" alt=\"\" srcset=\"https:\/\/linitiative.ca\/International\/wp-content\/uploads\/sites\/23\/2021\/11\/16365754829889.jpg 448w, https:\/\/www.journalducameroun.com\/wp-content\/uploads\/2021\/11\/16365754829889-300x200.jpg 300w\" sizes=\"auto, (max-width: 448px) 100vw, 448px\"><\/p>\n<p>Les grandes entreprises et PME, en C\u00f4te d&rsquo;Ivoire, b\u00e9n\u00e9ficieront d\u00e9sormais du fonds de soutien Covid-19, pour celles justifiant d&rsquo;une baisse minimale du chiffre d&rsquo;Affaires de 10% contre 25% initialement.<\/p>\n<p>Cette mesure a \u00e9t\u00e9 prise, mercredi, lors d&rsquo;un Conseil des ministres. Le gouvernement a apport\u00e9 du changement dans le dispositif en vue de permettre aux fonds de soutenir un plus grand nombre de requ\u00e9rants.<\/p>\n<p>B\u00e9n\u00e9ficieront d\u00e9sormais des appuis financiers, notamment aux fonds de soutien pour les grandes entreprises et les PME, ces entit\u00e9s qui justifieront d&rsquo;une baisse minimale du chiffre d&rsquo;Affaires de 10% contre 25% initialement.\u00a0<\/p>\n<p>Quant aux fonds pour les appuis au secteur informel (FASI), ils sont \u00ab\u00a0uniformis\u00e9s \u00e0 250.000 Fcfa contre des montants diff\u00e9renci\u00e9s par secteur\u00a0\u00bb, a indiqu\u00e9 le porte-parole du gouvernement ivoirien, Amadou Coulibaly.\u00a0<\/p>\n<p>A fin octobre 2021, les quatre fonds d&rsquo;appui ont r\u00e9alis\u00e9 sur les dix premiers mois de 2021 des op\u00e9rations d&rsquo;un montant total de 27,953 milliards Fcfa. \u00a0Le Fonds de soutien aux grandes entreprises a octroy\u00e9 8,4 milliards Fcfa \u00e0 39 grandes entreprises.<\/p>\n<p>Le Fonds de soutien aux PME a accord\u00e9 4,67 milliards Fcfa \u00e0 152 PME, tandis que le Fonds d&rsquo;appui au secteur informel a octroy\u00e9 9,659 milliards Fcfa de subventions \u00e0 38.637 acteurs du secteur informel.\u00a0<\/p>\n<p>Le Fonds de solidarit\u00e9 et d&rsquo;urgences humanitaires \u00a0a permis d&rsquo;accorder 5,584 milliards Fcfa pour les transferts mon\u00e9taires au profit de 68 267 m\u00e9nages vuln\u00e9rables et pour des soutiens financiers \u00e0 1 727 travailleurs mis en ch\u00f4mage technique du fait de la Covid-19.<\/p>\n<p>La C\u00f4te d&rsquo;Ivoire, \u00e0 l&rsquo;instar des autres pays du monde, n&rsquo;a pas \u00e9t\u00e9 \u00e9pargn\u00e9e par la pand\u00e9mie de la Covid-19, au regard des effets consid\u00e9rables qui ont frein\u00e9 la dynamique de croissance, entam\u00e9e, depuis bient\u00f4t une d\u00e9cennie.\u00a0<\/p>\n<p>Avant la crise sanitaire de la Covid-19, le pays avait r\u00e9ussi \u00e0 afficher de 2011 \u00e0 2019 une croissance moyenne de 08 % par an, qui l&rsquo;a hiss\u00e9 dans le groupe de t\u00eate des pays \u00e0 forte croissance dans le monde.<\/p>\n<p>D\u00e8s la survenue de la crise sanitaire, l&rsquo;Etat ivoirien a mis en place un plan de riposte et de soutien \u00e9conomique et humanitaire d&rsquo;un montant initial de 1700 milliards de FCFA ayant permis d&rsquo;att\u00e9nuer les cons\u00e9quences socio-\u00e9conomiques.<\/p>\n<p>Cet article <a rel=\"nofollow\" href=\"https:\/\/www.journalducameroun.com\/fonds-de-soutien-covid-19-revision-des-conditions-pour-les-entreprises-ivoiriennes\/\">Fonds de soutien Covid-19: r\u00e9vision des conditions pour les entreprises ivoiriennes<\/a> est apparu en premier sur <a rel=\"nofollow\" href=\"https:\/\/www.journalducameroun.com\/\">Journal du Cameroun<\/a>.<\/p>\n<\/div>\n<p>Auteur: APA News<br \/>\n<a href=\"https:\/\/www.journalducameroun.com\/fonds-de-soutien-covid-19-revision-des-conditions-pour-les-entreprises-ivoiriennes\/\">Cliquez ici pour lire l&rsquo;article depuis sa source.<\/a><\/p>\n","protected":false},"excerpt":{"rendered":"<p>Les grandes entreprises et PME, en C\u00f4te d&rsquo;Ivoire, b\u00e9n\u00e9ficieront d\u00e9sormais du fonds de soutien Covid-19, pour celles justifiant d&rsquo;une baisse minimale du chiffre d&rsquo;Affaires de 10% contre 25% initialement. Cette mesure a \u00e9t\u00e9 prise, mercredi, lors d&rsquo;un Conseil des ministres. Le gouvernement a apport\u00e9 du changement dans le dispositif en vue de permettre aux fonds [&hellip;]<\/p>\n","protected":false},"author":1965,"featured_media":0,"comment_status":"closed","ping_status":"closed","sticky":false,"template":"","format":"standard","meta":{"fifu_image_url":"https:\/\/www.journalducameroun.com\/wp-content\/uploads\/2021\/11\/16365754829889.jpg","fifu_image_alt":"Fonds de soutien Covid-19: r\u00e9vision des conditions pour les entreprises ivoiriennes","footnotes":""},"categories":[73,82],"tags":[],"class_list":["post-132561","post","type-post","status-publish","format-standard","hentry","category-actualite","category-cameroun"],"_links":{"self":[{"href":"https:\/\/linitiative.ca\/International\/wp-json\/wp\/v2\/posts\/132561","targetHints":{"allow":["GET"]}}],"collection":[{"href":"https:\/\/linitiative.ca\/International\/wp-json\/wp\/v2\/posts"}],"about":[{"href":"https:\/\/linitiative.ca\/International\/wp-json\/wp\/v2\/types\/post"}],"author":[{"embeddable":true,"href":"https:\/\/linitiative.ca\/International\/wp-json\/wp\/v2\/users\/1965"}],"replies":[{"embeddable":true,"href":"https:\/\/linitiative.ca\/International\/wp-json\/wp\/v2\/comments?post=132561"}],"version-history":[{"count":0,"href":"https:\/\/linitiative.ca\/International\/wp-json\/wp\/v2\/posts\/132561\/revisions"}],"wp:attachment":[{"href":"https:\/\/linitiative.ca\/International\/wp-json\/wp\/v2\/media?parent=132561"}],"wp:term":[{"taxonomy":"category","embeddable":true,"href":"https:\/\/linitiative.ca\/International\/wp-json\/wp\/v2\/categories?post=132561"},{"taxonomy":"post_tag","embeddable":true,"href":"https:\/\/linitiative.ca\/International\/wp-json\/wp\/v2\/tags?post=132561"}],"curies":[{"name":"wp","href":"https:\/\/api.w.org\/{rel}","templated":true}]}}