{"id":132563,"date":"2021-11-10T15:18:02","date_gmt":"2021-11-10T20:18:02","guid":{"rendered":"https:\/\/linitiative.ca\/International\/rdc-lonu-alerte-sur-laggravation-de-linsecurite-alimentaire\/"},"modified":"2021-11-10T15:18:02","modified_gmt":"2021-11-10T20:18:02","slug":"rdc-lonu-alerte-sur-laggravation-de-linsecurite-alimentaire","status":"publish","type":"post","link":"https:\/\/linitiative.ca\/International\/rdc-lonu-alerte-sur-laggravation-de-linsecurite-alimentaire\/","title":{"rendered":"RDC : l\u2019ONU alerte sur l\u2019aggravation de l\u2019ins\u00e9curit\u00e9 alimentaire"},"content":{"rendered":"<div>\n<p><img loading=\"lazy\" decoding=\"async\" width=\"334\" height=\"151\" src=\"https:\/\/linitiative.ca\/International\/wp-content\/uploads\/sites\/23\/2021\/11\/16365754829929.jpg\" class=\"attachment-post-thumbnail size-post-thumbnail wp-post-image\" alt=\"\" srcset=\"https:\/\/linitiative.ca\/International\/wp-content\/uploads\/sites\/23\/2021\/11\/16365754829929.jpg 334w, https:\/\/www.journalducameroun.com\/wp-content\/uploads\/2021\/11\/16365754829929-300x136.jpg 300w\" sizes=\"auto, (max-width: 334px) 100vw, 334px\"><\/p>\n<p>Quelque 27 millions de personnes, soit un quart de la population de la RDC, font face \u00e0 une ins\u00e9curit\u00e9 alimentaire aigu\u00eb.L&rsquo;Organisation des Nations Unies pour l&rsquo;alimentation et l&rsquo;agriculture (FAO) et le Programme alimentaire mondial (PAM) soulignent la n\u00e9cessit\u00e9 d&rsquo;intensifier l&rsquo;assistance humanitaire de toute urgence en R\u00e9publique d\u00e9mocratique du Congo (RDC).<\/p>\n<p>D&rsquo;apr\u00e8s de nouvelles donn\u00e9es, la crise alimentaire qui s\u00e9vit dans ce pays d&rsquo;Afrique centrale ne semble pas s&rsquo;apaiser et pourrait m\u00eame, sans une transposition de l&rsquo;assistance \u00e0 plus grande \u00e9chelle, empirer dans les mois \u00e0 venir, pr\u00e9viennet les deux agences onusiennes.<\/p>\n<p>Cette situation s&rsquo;explique par de mauvaises r\u00e9coltes, des d\u00e9placements de populations engendr\u00e9s par des vagues de violence, des maladies et l&rsquo;effondrement des infrastructures, explique la derni\u00e8re analyse du Cadre int\u00e9gr\u00e9 de classification de la s\u00e9curit\u00e9 alimentaire (IPC), publi\u00e9e ce mercredi 10 novembre.<\/p>\n<p>Dans le pays, le nombre de personnes en phase de crise (IPC 3), selon la classification de l&rsquo;ins\u00e9curit\u00e9 alimentaire aigu\u00eb \u00e9tablie par le Cadre int\u00e9gr\u00e9, est le plus \u00e9lev\u00e9 de tous les pays \u00e9tudi\u00e9s par l&rsquo;IPC.\u00a0<\/p>\n<p>Selon les pr\u00e9visions de l&rsquo;IPC, qui montre que m\u00eame des quartiers de Kinshasa, la capitale, et des zones alentours sont frapp\u00e9s de plein fouet, les chiffres alarmants de la faim resteront au m\u00eame niveau durant toute la premi\u00e8re moiti\u00e9 de 2022. En effet, la situation en mati\u00e8re de nutrition pourrait encore empirer dans certaines r\u00e9gions et pour certains groupes vuln\u00e9rables, notamment les jeunes enfants, les femmes enceintes et les m\u00e8res allaitantes.<\/p>\n<p>\u00abPour beaucoup d&rsquo;habitants de la R\u00e9publique d\u00e9mocratique du Congo, la situation alimentaire reste d\u00e9sesp\u00e9r\u00e9e, car la masse des obstacles \u00e0 surmonter (ins\u00e9curit\u00e9, maladie, destruction et manque d&rsquo;infrastructure, acc\u00e8s limit\u00e9 \u00e0 des ressources de qualit\u00e9 et \u00e0 des financements, pour n&rsquo;en citer que quelques-uns) sape toute chance de pouvoir se nourrir et de nourrir correctement leurs familles. La seule fa\u00e7on de rompre ce cercle vicieux et de faire \u00e9voluer ces tendances est de les aider \u00e0 devenir plus r\u00e9silients et productifs\u00bb, a indiqu\u00e9 Aristide Ongone, le Repr\u00e9sentant de la FAO en R\u00e9publique d\u00e9mocratique du Congo.<\/p>\n<p>\u00abCes chiffres sont un rappel \u00e0 l&rsquo;ordre: il faut agir, et il faut proc\u00e9der diff\u00e9remment, a pr\u00e9cis\u00e9 le Repr\u00e9sentant et Directeur de pays du PAM en RDC, M. Peter Musoko. \u00c0 l&rsquo;heure actuelle, nous renflouons un navire qui prend l&rsquo;eau. Nous devons assoir \u00e0 une m\u00eame table le gouvernement, nos partenaires et le secteur priv\u00e9 pour r\u00e9fl\u00e9chir aux moyens de redonner espoir aux habitants de ce pays.\u00bb<\/p>\n<p>La crise alimentaire en R\u00e9publique d\u00e9mocratique du Congo d\u00e9coule d&rsquo;une combinaison d\u00e9l\u00e9t\u00e8re de diff\u00e9rents facteurs. La production agricole a d\u00e9p\u00e9ri dans un contexte de violence et d&rsquo;ins\u00e9curit\u00e9, qui a coup\u00e9 des populations enti\u00e8res de leurs champs. L&rsquo;infrastructure de transport et de communication est au bord de l&rsquo;\u00e9croulement. Plusieurs groupes arm\u00e9s ont provoqu\u00e9 le d\u00e9placement de millions de personnes, notamment dans le nord-est, o\u00f9 l&rsquo;ins\u00e9curit\u00e9 gagne du terrain dans deux points n\u00e9vralgiques en particulier, malgr\u00e9 l&rsquo;\u00e9tat d&rsquo;urgence d\u00e9clar\u00e9 en mai dernier.\u00a0<\/p>\n<p>M\u00eame l\u00e0 o\u00f9 des aliments sont disponibles, du fait des prix \u00e9lev\u00e9s et des revenus en forte baisse, nombreux sont ceux qui n&rsquo;ont pas les moyens de b\u00e9n\u00e9ficier d&rsquo;une nutrition correcte.<\/p>\n<p>Le pays, en proie \u00e0 une crise complexe et prolong\u00e9e depuis plus de vingt ans, a \u00e9galement subi les effets d\u00e9vastateurs des catastrophes naturelles, aggrav\u00e9s par les incidences de la covid-19.\u00a0<\/p>\n<p>La pand\u00e9mie de Covid-19 et les mesures visant \u00e0 enrayer sa propagation ont mis \u00e0 mal l&rsquo;\u00e9conomie en entra\u00eenant la chute libre de la monnaie locale et la perte d&#8217;emplois de millions de personnes, y compris dans le secteur non structur\u00e9.<\/p>\n<p>Cet article <a rel=\"nofollow\" href=\"https:\/\/www.journalducameroun.com\/rdc-lonu-alerte-sur-laggravation-de-linsecurite-alimentaire\/\">RDC : l\u2019ONU alerte sur l\u2019aggravation de l\u2019ins\u00e9curit\u00e9 alimentaire<\/a> est apparu en premier sur <a rel=\"nofollow\" href=\"https:\/\/www.journalducameroun.com\/\">Journal du Cameroun<\/a>.<\/p>\n<\/div>\n<p>Auteur: APA News<br \/>\n<a href=\"https:\/\/www.journalducameroun.com\/rdc-lonu-alerte-sur-laggravation-de-linsecurite-alimentaire\/\">Cliquez ici pour lire l&rsquo;article depuis sa source.<\/a><\/p>\n","protected":false},"excerpt":{"rendered":"<p>Quelque 27 millions de personnes, soit un quart de la population de la RDC, font face \u00e0 une ins\u00e9curit\u00e9 alimentaire aigu\u00eb.L&rsquo;Organisation des Nations Unies pour l&rsquo;alimentation et l&rsquo;agriculture (FAO) et le Programme alimentaire mondial (PAM) soulignent la n\u00e9cessit\u00e9 d&rsquo;intensifier l&rsquo;assistance humanitaire de toute urgence en R\u00e9publique d\u00e9mocratique du Congo (RDC). D&rsquo;apr\u00e8s de nouvelles donn\u00e9es, la [&hellip;]<\/p>\n","protected":false},"author":1965,"featured_media":0,"comment_status":"closed","ping_status":"closed","sticky":false,"template":"","format":"standard","meta":{"fifu_image_url":"https:\/\/www.journalducameroun.com\/wp-content\/uploads\/2021\/11\/16365754829929.jpg","fifu_image_alt":"RDC : l\u2019ONU alerte sur l\u2019aggravation de l\u2019ins\u00e9curit\u00e9 alimentaire","footnotes":""},"categories":[73,82],"tags":[],"class_list":["post-132563","post","type-post","status-publish","format-standard","hentry","category-actualite","category-cameroun"],"_links":{"self":[{"href":"https:\/\/linitiative.ca\/International\/wp-json\/wp\/v2\/posts\/132563","targetHints":{"allow":["GET"]}}],"collection":[{"href":"https:\/\/linitiative.ca\/International\/wp-json\/wp\/v2\/posts"}],"about":[{"href":"https:\/\/linitiative.ca\/International\/wp-json\/wp\/v2\/types\/post"}],"author":[{"embeddable":true,"href":"https:\/\/linitiative.ca\/International\/wp-json\/wp\/v2\/users\/1965"}],"replies":[{"embeddable":true,"href":"https:\/\/linitiative.ca\/International\/wp-json\/wp\/v2\/comments?post=132563"}],"version-history":[{"count":0,"href":"https:\/\/linitiative.ca\/International\/wp-json\/wp\/v2\/posts\/132563\/revisions"}],"wp:attachment":[{"href":"https:\/\/linitiative.ca\/International\/wp-json\/wp\/v2\/media?parent=132563"}],"wp:term":[{"taxonomy":"category","embeddable":true,"href":"https:\/\/linitiative.ca\/International\/wp-json\/wp\/v2\/categories?post=132563"},{"taxonomy":"post_tag","embeddable":true,"href":"https:\/\/linitiative.ca\/International\/wp-json\/wp\/v2\/tags?post=132563"}],"curies":[{"name":"wp","href":"https:\/\/api.w.org\/{rel}","templated":true}]}}