{"id":132565,"date":"2021-11-10T15:18:02","date_gmt":"2021-11-10T20:18:02","guid":{"rendered":"https:\/\/linitiative.ca\/International\/letat-ivoirien-approuve-un-pret-de-85-milliards-fcfa-pour-lacquisition-de-2-aeronefs\/"},"modified":"2021-11-10T15:18:02","modified_gmt":"2021-11-10T20:18:02","slug":"letat-ivoirien-approuve-un-pret-de-85-milliards-fcfa-pour-lacquisition-de-2-aeronefs","status":"publish","type":"post","link":"https:\/\/linitiative.ca\/International\/letat-ivoirien-approuve-un-pret-de-85-milliards-fcfa-pour-lacquisition-de-2-aeronefs\/","title":{"rendered":"L\u2019Etat ivoirien approuve un pr\u00eat de 8,5 milliards Fcfa pour l\u2019acquisition de 2 a\u00e9ronefs"},"content":{"rendered":"<div>\n<p><img loading=\"lazy\" decoding=\"async\" width=\"915\" height=\"570\" src=\"https:\/\/linitiative.ca\/International\/wp-content\/uploads\/sites\/23\/2021\/11\/16365754823999.jpg\" class=\"attachment-post-thumbnail size-post-thumbnail wp-post-image\" alt=\"\" srcset=\"https:\/\/linitiative.ca\/International\/wp-content\/uploads\/sites\/23\/2021\/11\/16365754823999.jpg 915w, https:\/\/www.journalducameroun.com\/wp-content\/uploads\/2021\/11\/16365754823999-300x187.jpg 300w, https:\/\/www.journalducameroun.com\/wp-content\/uploads\/2021\/11\/16365754823999-768x478.jpg 768w, https:\/\/www.journalducameroun.com\/wp-content\/uploads\/2021\/11\/16365754823999-706x440.jpg 706w, https:\/\/www.journalducameroun.com\/wp-content\/uploads\/2021\/11\/16365754823999-600x374.jpg 600w\" sizes=\"auto, (max-width: 915px) 100vw, 915px\"><\/p>\n<p>Le gouvernement ivoirien a approuv\u00e9 mercredi un pr\u00eat de 8,53 milliards Fcfa contract\u00e9 aupr\u00e8s de la Banque d&rsquo;investissement et de d\u00e9veloppement de la Cedeao (BIDC) pour l&rsquo;acquisition de deux a\u00e9ronefs en vue de la s\u00e9curit\u00e9 du territoire.<\/p>\n<p>La C\u00f4te d&rsquo;Ivoire a ratifi\u00e9 un accord de pr\u00eat de 8,53 milliards Fcfa, conclu le 12 octobre 2021 avec la BIDC, en vue de financer l&rsquo;acquisition de deux a\u00e9ronefs pour des missions de surveillance et de reconnaissance du territoire, a indiqu\u00e9 le porte-parole du gouvernement, Amadou Coulibaly, \u00e0&rsquo;l&rsquo;issue d&rsquo;un Conseil des ministres.\u00a0<\/p>\n<p>Selon le porte-parole du gouvernement ivoirien, Amadou Coulibaly, il s&rsquo;agit d&rsquo;un projet de d\u00e9cret qui vise \u00e0 asseoir la s\u00e9curit\u00e9 des fronti\u00e8res terrestres et maritimes de la C\u00f4te d&rsquo;Ivoire ainsi que le renforcement du dispositif s\u00e9curitaire du pays.<\/p>\n<p>Un h\u00e9licopt\u00e8re de l&rsquo;arm\u00e9e ivoirienne a fait un crash, en septembre, dans le nord-est du pays, faisant trois instructeurs \u00e9trangers et deux op\u00e9rateurs ivoiriens tu\u00e9s \u00e0 la suite de \u00ab\u00a0conditions m\u00e9t\u00e9orologiques d\u00e9favorables\u00a0\u00bb.<\/p>\n<p>Cet article <a rel=\"nofollow\" href=\"https:\/\/www.journalducameroun.com\/letat-ivoirien-approuve-un-pret-de-85-milliards-fcfa-pour-lacquisition-de-2-aeronefs\/\">L\u2019Etat ivoirien approuve un pr\u00eat de 8,5 milliards Fcfa pour l\u2019acquisition de 2 a\u00e9ronefs<\/a> est apparu en premier sur <a rel=\"nofollow\" href=\"https:\/\/www.journalducameroun.com\/\">Journal du Cameroun<\/a>.<\/p>\n<\/div>\n<p>Auteur: APA News<br \/>\n<a href=\"https:\/\/www.journalducameroun.com\/letat-ivoirien-approuve-un-pret-de-85-milliards-fcfa-pour-lacquisition-de-2-aeronefs\/\">Cliquez ici pour lire l&rsquo;article depuis sa source.<\/a><\/p>\n","protected":false},"excerpt":{"rendered":"<p>Le gouvernement ivoirien a approuv\u00e9 mercredi un pr\u00eat de 8,53 milliards Fcfa contract\u00e9 aupr\u00e8s de la Banque d&rsquo;investissement et de d\u00e9veloppement de la Cedeao (BIDC) pour l&rsquo;acquisition de deux a\u00e9ronefs en vue de la s\u00e9curit\u00e9 du territoire. La C\u00f4te d&rsquo;Ivoire a ratifi\u00e9 un accord de pr\u00eat de 8,53 milliards Fcfa, conclu le 12 octobre 2021 [&hellip;]<\/p>\n","protected":false},"author":1965,"featured_media":0,"comment_status":"closed","ping_status":"closed","sticky":false,"template":"","format":"standard","meta":{"fifu_image_url":"https:\/\/www.journalducameroun.com\/wp-content\/uploads\/2021\/11\/16365754823999.jpg","fifu_image_alt":"L\u2019Etat ivoirien approuve un pr\u00eat de 8,5 milliards Fcfa pour l\u2019acquisition de 2 a\u00e9ronefs","footnotes":""},"categories":[73,82],"tags":[],"class_list":["post-132565","post","type-post","status-publish","format-standard","hentry","category-actualite","category-cameroun"],"_links":{"self":[{"href":"https:\/\/linitiative.ca\/International\/wp-json\/wp\/v2\/posts\/132565","targetHints":{"allow":["GET"]}}],"collection":[{"href":"https:\/\/linitiative.ca\/International\/wp-json\/wp\/v2\/posts"}],"about":[{"href":"https:\/\/linitiative.ca\/International\/wp-json\/wp\/v2\/types\/post"}],"author":[{"embeddable":true,"href":"https:\/\/linitiative.ca\/International\/wp-json\/wp\/v2\/users\/1965"}],"replies":[{"embeddable":true,"href":"https:\/\/linitiative.ca\/International\/wp-json\/wp\/v2\/comments?post=132565"}],"version-history":[{"count":0,"href":"https:\/\/linitiative.ca\/International\/wp-json\/wp\/v2\/posts\/132565\/revisions"}],"wp:attachment":[{"href":"https:\/\/linitiative.ca\/International\/wp-json\/wp\/v2\/media?parent=132565"}],"wp:term":[{"taxonomy":"category","embeddable":true,"href":"https:\/\/linitiative.ca\/International\/wp-json\/wp\/v2\/categories?post=132565"},{"taxonomy":"post_tag","embeddable":true,"href":"https:\/\/linitiative.ca\/International\/wp-json\/wp\/v2\/tags?post=132565"}],"curies":[{"name":"wp","href":"https:\/\/api.w.org\/{rel}","templated":true}]}}