{"id":132567,"date":"2021-11-10T16:18:02","date_gmt":"2021-11-10T21:18:02","guid":{"rendered":"https:\/\/linitiative.ca\/International\/petrole-la-cote-divoire-a-la-conquete-dinvestisseurs-a-dubai\/"},"modified":"2021-11-10T16:18:02","modified_gmt":"2021-11-10T21:18:02","slug":"petrole-la-cote-divoire-a-la-conquete-dinvestisseurs-a-dubai","status":"publish","type":"post","link":"https:\/\/linitiative.ca\/International\/petrole-la-cote-divoire-a-la-conquete-dinvestisseurs-a-dubai\/","title":{"rendered":"P\u00e9trole: la C\u00f4te d\u2019Ivoire \u00e0 la conqu\u00eate d\u2019investisseurs \u00e0 Duba\u00ef"},"content":{"rendered":"<div>\n<p><img loading=\"lazy\" decoding=\"async\" width=\"750\" height=\"635\" src=\"https:\/\/linitiative.ca\/International\/wp-content\/uploads\/sites\/23\/2021\/11\/16365790827716.jpg\" class=\"attachment-post-thumbnail size-post-thumbnail wp-post-image\" alt=\"\" srcset=\"https:\/\/linitiative.ca\/International\/wp-content\/uploads\/sites\/23\/2021\/11\/16365790827716.jpg 750w, https:\/\/www.journalducameroun.com\/wp-content\/uploads\/2021\/11\/16365790827716-300x254.jpg 300w, https:\/\/www.journalducameroun.com\/wp-content\/uploads\/2021\/11\/16365790827716-520x440.jpg 520w, https:\/\/www.journalducameroun.com\/wp-content\/uploads\/2021\/11\/16365790827716-600x508.jpg 600w\" sizes=\"auto, (max-width: 750px) 100vw, 750px\"><\/p>\n<p>La C\u00f4te d&rsquo;Ivoire participe \u00e0 la semaine africaine du p\u00e9trole qui se tient du 08 au 11 novembre 2021 \u00e0 Duba\u00ef.<\/p>\n<p>Accompagn\u00e9 d&rsquo;une forte d\u00e9l\u00e9gation, le ministre ivoirien des Mines, du p\u00e9trole et de l&rsquo;\u00e9nergie, Thomas Camara, a pr\u00e9sent\u00e9 mercredi aux investisseurs et experts lors du \u00ab Show Case \u00bb consacr\u00e9 \u00e0 la C\u00f4te d&rsquo;Ivoire, les opportunit\u00e9s d&rsquo;investissements dans le bassin s\u00e9dimentaire ivoirien.<\/p>\n<p>La C\u00f4te d&rsquo;Ivoire qui ambitionne de devenir un hub \u00e9nerg\u00e9tique en Afrique est dot\u00e9e d&rsquo;un code p\u00e9trolier attractif et d&rsquo;un environnement favorable pour les investissements, \u00e0 travers l&rsquo;existence des structures comme la Direction g\u00e9n\u00e9rale des hydrocarbures (DGH) et la Soci\u00e9t\u00e9 nationale des op\u00e9rations p\u00e9troli\u00e8res de C\u00f4te d&rsquo;Ivoire (Petroci Holding), a expliqu\u00e9 M. Camara.<\/p>\n<p>\u00a0Selon lui, les potentialit\u00e9s dont regorge le bassin s\u00e9dimentaire ivoirien se sont mat\u00e9rialis\u00e9es par la r\u00e9cente d\u00e9couverte majeure du gisement Baleine. \u00ab Nous sommes convaincus que d&rsquo;autres d\u00e9couvertes, similaires au gisement Baleine sont encore possibles \u00bb, a poursuivi le ministre des Mines, du p\u00e9trole et de l&rsquo;\u00e9nergie.<\/p>\n<p>En outre, en mati\u00e8re d&rsquo;\u00e9nergies, Thomas Camara a indiqu\u00e9 que la C\u00f4te d&rsquo;Ivoire a \u00e9galement une politique attractive pour la promotion de la production de l&rsquo;\u00e9lectricit\u00e9 par le biais de plusieurs sources d&rsquo;\u00e9nergies. A cela s&rsquo;ajoutent des exon\u00e9rations fiscales et douani\u00e8res dans ce secteur ainsi que l&rsquo;institution d&rsquo;un tarif attractif pour la production d&rsquo;\u00e9nergies renouvelables.\u00a0<\/p>\n<p>A ce propos, le repr\u00e9sentant du gouvernement ivoirien a soulign\u00e9 que dans le cadre du renouvelable, la C\u00f4te d&rsquo;Ivoire a d&rsquo;ambitieux projets issus de son plan strat\u00e9gique de transition \u00e9nerg\u00e9tique de 1492 MW \u00e0 r\u00e9aliser de 2022 \u00e0 2030.<\/p>\n<p>Il s&rsquo;agit de 490 MW de solaire, 691 MW d&rsquo;hydro\u00e9lectricit\u00e9 et 311 MW de biomasse. \u00ab Notre objectif est de porter \u00e0 42%, la part des \u00e9nergies renouvelables dans le mix \u00e9nerg\u00e9tique \u00e0 l&rsquo;horizon 2030 \u00bb, a ajout\u00e9 Thomas Camara, invitant dans la foul\u00e9e les investisseurs \u00e0 mettre en valeur et \u00e0 d\u00e9velopper le potentiel p\u00e9trolier et gazier de la C\u00f4te d&rsquo;Ivoire. \u00ab Faites de la C\u00f4te d&rsquo;Ivoire votre premi\u00e8re destination ! \u00bb, a-t-il lanc\u00e9 aux investisseurs. \u00a0\u00a0<\/p>\n<p>Ce \u00ab show case \u00bb a \u00e9t\u00e9 en outre l&rsquo;occasion pour la d\u00e9l\u00e9gation ivoirienne de pr\u00e9senter aux investisseurs, 32 blocs p\u00e9troliers issus du bassin s\u00e9dimentaire du pays.<\/p>\n<p>Cet article <a rel=\"nofollow\" href=\"https:\/\/www.journalducameroun.com\/petrole-la-cote-divoire-a-la-conquete-dinvestisseurs-a-dubai\/\">P\u00e9trole: la C\u00f4te d\u2019Ivoire \u00e0 la conqu\u00eate d\u2019investisseurs \u00e0 Duba\u00ef<\/a> est apparu en premier sur <a rel=\"nofollow\" href=\"https:\/\/www.journalducameroun.com\/\">Journal du Cameroun<\/a>.<\/p>\n<\/div>\n<p>Auteur: APA News<br \/>\n<a href=\"https:\/\/www.journalducameroun.com\/petrole-la-cote-divoire-a-la-conquete-dinvestisseurs-a-dubai\/\">Cliquez ici pour lire l&rsquo;article depuis sa source.<\/a><\/p>\n","protected":false},"excerpt":{"rendered":"<p>La C\u00f4te d&rsquo;Ivoire participe \u00e0 la semaine africaine du p\u00e9trole qui se tient du 08 au 11 novembre 2021 \u00e0 Duba\u00ef. Accompagn\u00e9 d&rsquo;une forte d\u00e9l\u00e9gation, le ministre ivoirien des Mines, du p\u00e9trole et de l&rsquo;\u00e9nergie, Thomas Camara, a pr\u00e9sent\u00e9 mercredi aux investisseurs et experts lors du \u00ab Show Case \u00bb consacr\u00e9 \u00e0 la C\u00f4te d&rsquo;Ivoire, [&hellip;]<\/p>\n","protected":false},"author":1965,"featured_media":0,"comment_status":"closed","ping_status":"closed","sticky":false,"template":"","format":"standard","meta":{"fifu_image_url":"https:\/\/www.journalducameroun.com\/wp-content\/uploads\/2021\/11\/16365790827716.jpg","fifu_image_alt":"P\u00e9trole: la C\u00f4te d\u2019Ivoire \u00e0 la conqu\u00eate d\u2019investisseurs \u00e0 Duba\u00ef","footnotes":""},"categories":[73,82],"tags":[],"class_list":["post-132567","post","type-post","status-publish","format-standard","hentry","category-actualite","category-cameroun"],"_links":{"self":[{"href":"https:\/\/linitiative.ca\/International\/wp-json\/wp\/v2\/posts\/132567","targetHints":{"allow":["GET"]}}],"collection":[{"href":"https:\/\/linitiative.ca\/International\/wp-json\/wp\/v2\/posts"}],"about":[{"href":"https:\/\/linitiative.ca\/International\/wp-json\/wp\/v2\/types\/post"}],"author":[{"embeddable":true,"href":"https:\/\/linitiative.ca\/International\/wp-json\/wp\/v2\/users\/1965"}],"replies":[{"embeddable":true,"href":"https:\/\/linitiative.ca\/International\/wp-json\/wp\/v2\/comments?post=132567"}],"version-history":[{"count":0,"href":"https:\/\/linitiative.ca\/International\/wp-json\/wp\/v2\/posts\/132567\/revisions"}],"wp:attachment":[{"href":"https:\/\/linitiative.ca\/International\/wp-json\/wp\/v2\/media?parent=132567"}],"wp:term":[{"taxonomy":"category","embeddable":true,"href":"https:\/\/linitiative.ca\/International\/wp-json\/wp\/v2\/categories?post=132567"},{"taxonomy":"post_tag","embeddable":true,"href":"https:\/\/linitiative.ca\/International\/wp-json\/wp\/v2\/tags?post=132567"}],"curies":[{"name":"wp","href":"https:\/\/api.w.org\/{rel}","templated":true}]}}