{"id":132569,"date":"2021-11-10T17:18:01","date_gmt":"2021-11-10T22:18:01","guid":{"rendered":"https:\/\/linitiative.ca\/International\/benin-les-tresors-royaux-restitues-par-la-france-loges-a-la-presidence\/"},"modified":"2021-11-10T17:18:01","modified_gmt":"2021-11-10T22:18:01","slug":"benin-les-tresors-royaux-restitues-par-la-france-loges-a-la-presidence","status":"publish","type":"post","link":"https:\/\/linitiative.ca\/International\/benin-les-tresors-royaux-restitues-par-la-france-loges-a-la-presidence\/","title":{"rendered":"B\u00e9nin : les tr\u00e9sors royaux restitu\u00e9s par la France log\u00e9s \u00e0 la pr\u00e9sidence"},"content":{"rendered":"<div>\n<p><img loading=\"lazy\" decoding=\"async\" width=\"1039\" height=\"629\" src=\"https:\/\/linitiative.ca\/International\/wp-content\/uploads\/sites\/23\/2021\/11\/16365826823505.jpg\" class=\"attachment-post-thumbnail size-post-thumbnail wp-post-image\" alt=\"\" srcset=\"https:\/\/linitiative.ca\/International\/wp-content\/uploads\/sites\/23\/2021\/11\/16365826823505.jpg 1039w, https:\/\/www.journalducameroun.com\/wp-content\/uploads\/2021\/11\/16365826823505-300x182.jpg 300w, https:\/\/www.journalducameroun.com\/wp-content\/uploads\/2021\/11\/16365826823505-768x465.jpg 768w, https:\/\/www.journalducameroun.com\/wp-content\/uploads\/2021\/11\/16365826823505-1024x620.jpg 1024w, https:\/\/www.journalducameroun.com\/wp-content\/uploads\/2021\/11\/16365826823505-727x440.jpg 727w, https:\/\/www.journalducameroun.com\/wp-content\/uploads\/2021\/11\/16365826823505-600x363.jpg 600w\" sizes=\"auto, (max-width: 1039px) 100vw, 1039px\"><\/p>\n<p>Les \u0153uvres d&rsquo;art vont subir une acclimatation de trois mois pour \u00e9viter tout choc thermique, avant d&rsquo;\u00eatre expos\u00e9es dans des salles accessibles au public.Ils sont enfin de retour \u00e0 la maison. Apr\u00e8s plus d&rsquo;un si\u00e8cle de s\u00e9jour en France, les tr\u00e9sors du royaume d&rsquo;Abomey, pill\u00e9s par les colons fran\u00e7ais au XIXe si\u00e8cle, ont retrouv\u00e9 leur terre d&rsquo;origine. L&rsquo;avion transportant les \u0153uvres artistiques a atterri aux alentours de 15H15 \u00e0 l&rsquo;a\u00e9roport de Cotonou, la capitale \u00e9conomique du B\u00e9nin.<\/p>\n<p>Au rythme des chants et danses royales, elles ont \u00e9t\u00e9 transport\u00e9es au palais pr\u00e9sidentiel o\u00f9 les attendaient le chef de l&rsquo;Etat, Patrice Talon, et plusieurs autres invit\u00e9s parmi lesquels des chefs traditionnels et coutumiers. \u00a0<\/p>\n<p>Tout en soulignant \u00ab qu&rsquo;il n&rsquo;y pas de honte \u00e0 nous rappeler que la d\u00e9portation des reliques de notre grandeur hors du territoire du B\u00e9nin [\u2026] rel\u00e8ve de l&rsquo;histoire de l&rsquo;humanit\u00e9 \u00bb, il a exprim\u00e9 toute sa satisfaction de les voir revenir dans son pays.<\/p>\n<p>\u00ab Je dois vous avouer ou-bien vous confesser que contrairement \u00e0 mes habitudes, je n&rsquo;avais gu\u00e8re la certitude que cette revendication aboutirait un jour, encore moins de mon vivant. Mais une fois exprim\u00e9, j&rsquo;ai \u00e9t\u00e9 emport\u00e9 par l&rsquo;\u00e9lan. Et nous n&rsquo;avons pas arr\u00eat\u00e9 jusqu&rsquo;\u00e0 ce que cela aboutisse \u00bb, a-t-il d\u00e9clar\u00e9 dans un discours teint\u00e9 d&rsquo;\u00e9motion.<\/p>\n<p>Patrice Talon a par ailleurs rappel\u00e9 que l&rsquo;histoire du B\u00e9nin n&rsquo;a pas commenc\u00e9 avec l&rsquo;envahissement fran\u00e7ais de 1892. Et pour lui, ce fait historique marque \u00ab la symbolique du retour au B\u00e9nin de notre \u00e2me, de notre identit\u00e9, du t\u00e9moignage de ce que nous avons \u00e9t\u00e9, de ce que nous avons exist\u00e9 avant, le t\u00e9moignage de ce que nous avons connu la grandeur.\u00a0\u00bb<\/p>\n<p>\u00ab Je crois que c\u2018est tout simplement le signe de notre renaissance. (Car)\u00a0tout ce que nous nous engageons \u00e0 r\u00e9aliser depuis quelque temps, nous y parvenons\u00a0\u00bb, a-t-il martel\u00e9.<\/p>\n<p>Le locataire du palais de La Marina, faisant r\u00e9f\u00e9rence aux autres tr\u00e9sors encore expos\u00e9s dans les mus\u00e9es, a d\u00e9plor\u00e9 le fait que les r\u00e9parations, bien souvent, ne sont pas \u00e0 la hauteur de l&rsquo;esp\u00e9rance et \u00a0des attentes. \u00ab L&rsquo;id\u00e9e aurait voulu que la restitution f\u00fbt plus g\u00e9n\u00e9rale, plus compl\u00e8te. Et j&rsquo;ai failli le reprocher un peu au pr\u00e9sident fran\u00e7ais hier \u00bb, a-t-il soulign\u00e9, ajoutant que \u00ab si nous avions \u00e9t\u00e9 associ\u00e9s, nous aurions compos\u00e9 le lot autrement \u00bb.<\/p>\n<p>Pour autant, a-t-il dit, \u00ab la co\u00efncidence de la restitution des 26 \u0153uvres exclusivement emport\u00e9es des palais du royaume d&rsquo;Abomey n&rsquo;enl\u00e8ve rien \u00e0 notre plaisir, \u00e0 notre joie, \u00e0 notre fiert\u00e9 et \u00e0 notre satisfaction d&rsquo;avoir \u0153uvr\u00e9 pour une restitution qui commence par ces \u0153uvres-l\u00e0.\u00a0\u00bb<\/p>\n<p>Le pr\u00e9sident b\u00e9ninois a en outre f\u00e9licit\u00e9 le pr\u00e9sident fran\u00e7ais, Emmanuel Macron, qui \u00ab a eu le courage d&rsquo;engager le processus de restitution. \u00bb<\/p>\n<p>Statut des tr\u00e9sors<\/p>\n<p>De ces 26 \u0153uvres, chacun sera libre d&rsquo;\u00e9tablir le lien qui lui convient, a fait savoir le chef de l&rsquo;Etat. \u00ab Mais, informe-t-il,\u00a0dans notre identit\u00e9 r\u00e9publicaine la\u00efque, ces \u0153uvres ne rev\u00eatent, pour la R\u00e9publique, aucun caract\u00e8re religieux ni spirituel.\u00a0\u00bb<\/p>\n<p>D&rsquo;apr\u00e8s lui, si la spiritualit\u00e9 qu&rsquo;on peut leur conf\u00e9rer n&rsquo;est qu&rsquo;une spiritualit\u00e9 neutre, alors elle est r\u00e9publicaine. C&rsquo;est une spiritualit\u00e9 particuli\u00e8re que la R\u00e9publique respecte mais qu&rsquo;elle ne porterait pas, a-t-il indiqu\u00e9.<\/p>\n<p>\u00ab Les \u0153uvres, que \u00e7a soit ici ou dans les autres localit\u00e9s et m\u00eame prochainement dans le mus\u00e9e des \u00e9pop\u00e9es des rois et des amazones d&rsquo;Abomey, elles seront dans des espaces de la R\u00e9publique. Et \u00e0 ce titre, elles sont d\u00e9pourvues de toute consid\u00e9ration religieuse. Chacun pouvant \u00e9tablir \u00e0 son aise le lien qu&rsquo;il voudra avec celles-ci \u00bb, a-t-il conclu. \u00a0<\/p>\n<p>La France a officiellement finalis\u00e9 mardi 9 novembre la restitution de 26 \u0153uvres des tr\u00e9sors royaux d&rsquo;Abomey pill\u00e9s au XIXe si\u00e8cle par les troupes coloniales et\u00a0conserv\u00e9es jusqu&rsquo;ici au mus\u00e9e du quai Branly.<\/p>\n<p>Parmi ces objets d&rsquo;art figurent des statues totem de l&rsquo;ancien royaume d&rsquo;Abomey ainsi que le tr\u00f4ne du roi B\u00e9hanzin, pill\u00e9s lors de la mise \u00e0 sac du palais d&rsquo;Abomey par les troupes coloniales en 1892.<\/p>\n<p>Cet article <a rel=\"nofollow\" href=\"https:\/\/www.journalducameroun.com\/benin-les-tresors-royaux-restitues-par-la-france-loges-a-la-presidence\/\">B\u00e9nin : les tr\u00e9sors royaux restitu\u00e9s par la France log\u00e9s \u00e0 la pr\u00e9sidence<\/a> est apparu en premier sur <a rel=\"nofollow\" href=\"https:\/\/www.journalducameroun.com\/\">Journal du Cameroun<\/a>.<\/p>\n<\/div>\n<p>Auteur: APA News<br \/>\n<a href=\"https:\/\/www.journalducameroun.com\/benin-les-tresors-royaux-restitues-par-la-france-loges-a-la-presidence\/\">Cliquez ici pour lire l&rsquo;article depuis sa source.<\/a><\/p>\n","protected":false},"excerpt":{"rendered":"<p>Les \u0153uvres d&rsquo;art vont subir une acclimatation de trois mois pour \u00e9viter tout choc thermique, avant d&rsquo;\u00eatre expos\u00e9es dans des salles accessibles au public.Ils sont enfin de retour \u00e0 la maison. Apr\u00e8s plus d&rsquo;un si\u00e8cle de s\u00e9jour en France, les tr\u00e9sors du royaume d&rsquo;Abomey, pill\u00e9s par les colons fran\u00e7ais au XIXe si\u00e8cle, ont retrouv\u00e9 leur [&hellip;]<\/p>\n","protected":false},"author":1965,"featured_media":0,"comment_status":"closed","ping_status":"closed","sticky":false,"template":"","format":"standard","meta":{"fifu_image_url":"https:\/\/www.journalducameroun.com\/wp-content\/uploads\/2021\/11\/16365826823505.jpg","fifu_image_alt":"B\u00e9nin : les tr\u00e9sors royaux restitu\u00e9s par la France log\u00e9s \u00e0 la pr\u00e9sidence","footnotes":""},"categories":[73,82],"tags":[],"class_list":["post-132569","post","type-post","status-publish","format-standard","hentry","category-actualite","category-cameroun"],"_links":{"self":[{"href":"https:\/\/linitiative.ca\/International\/wp-json\/wp\/v2\/posts\/132569","targetHints":{"allow":["GET"]}}],"collection":[{"href":"https:\/\/linitiative.ca\/International\/wp-json\/wp\/v2\/posts"}],"about":[{"href":"https:\/\/linitiative.ca\/International\/wp-json\/wp\/v2\/types\/post"}],"author":[{"embeddable":true,"href":"https:\/\/linitiative.ca\/International\/wp-json\/wp\/v2\/users\/1965"}],"replies":[{"embeddable":true,"href":"https:\/\/linitiative.ca\/International\/wp-json\/wp\/v2\/comments?post=132569"}],"version-history":[{"count":0,"href":"https:\/\/linitiative.ca\/International\/wp-json\/wp\/v2\/posts\/132569\/revisions"}],"wp:attachment":[{"href":"https:\/\/linitiative.ca\/International\/wp-json\/wp\/v2\/media?parent=132569"}],"wp:term":[{"taxonomy":"category","embeddable":true,"href":"https:\/\/linitiative.ca\/International\/wp-json\/wp\/v2\/categories?post=132569"},{"taxonomy":"post_tag","embeddable":true,"href":"https:\/\/linitiative.ca\/International\/wp-json\/wp\/v2\/tags?post=132569"}],"curies":[{"name":"wp","href":"https:\/\/api.w.org\/{rel}","templated":true}]}}