{"id":132592,"date":"2021-11-10T13:00:00","date_gmt":"2021-11-10T18:00:00","guid":{"rendered":"https:\/\/linitiative.ca\/International\/la-culture-ce-parent-pauvre\/"},"modified":"2021-11-10T13:00:00","modified_gmt":"2021-11-10T18:00:00","slug":"la-culture-ce-parent-pauvre","status":"publish","type":"post","link":"https:\/\/linitiative.ca\/International\/la-culture-ce-parent-pauvre\/","title":{"rendered":"La culture, ce parent pauvre !"},"content":{"rendered":"<div>\n<p class=\"has-black-color has-text-color\"><strong>La d\u00e9cortication des budgets sectoriels apparent\u00e9s au Projet de Loi de Finances, par les ministres respectifs et d\u00e9put\u00e9s des commissions ad hoc, se poursuit \u00e0 brides abattues \u00e0 l\u2019h\u00e9micycle, jusqu\u2019au 17 courant, date du vote en pl\u00e9ni\u00e8re du PLF. On se limiterait \u00e0 pr\u00e9sent, de parler politique publique de la Culture, parent pauvre du montage financier de tous les Ex\u00e9cutifs, tout au long de l\u2019histoire du Royaume. \u00abC\u2019est peu ce dont on dispose comme fonds d\u2019appui aux industries de la culture. Mais, nous t\u00e2cherons de faire de notre mieux afin de joindre les deux bouts, par des compl\u00e9ments ailleurs\u00a0!\u00bb, semble d\u00e9plorer le ministre de tutelle, \u00e0 charge aussi des secteurs de sport et de communication. En fait, un responsable qui, d\u00e8s le d\u00e9part, avoue que le budget n\u2019est gu\u00e8re suffisant pour pr\u00e9tendre se tirer d\u2019affaire, quoiqu\u2019il paraisse se tirer une balle dans le pied, ne saurait \u00e9luder la modicit\u00e9 du budget allou\u00e9 au secteur de la culture. Certes, l\u2019engouement du jeune responsable incite \u00e0 se surpasser en vue de r\u00e9ussir une mission impossible pour une pi\u00e8tre bagatelle budg\u00e9taire ne d\u00e9passant nullement les 60 millions de dirhams consacr\u00e9s au soutien de toutes les prestances culturelles. Ce budget fut r\u00e9parti comme suit\u00a0: th\u00e9\u00e2tre 20 000 000 de dhs, musique et arts de chor\u00e9graphie 12 000 000 de dhs, livre et \u00e9dition 11 000 000 de dhs, \u00a0associations et festivals 9 000 000 de dhs et arts plastiques\u00a0 8 000\u00a0 000 de dhs . Cependant, il importe de rappeler \u00e0 ce sens, que le d\u00e9p\u00e9rissement du budget de la culture ne date pas du pr\u00e9sent, car on a toujours estim\u00e9 \u00a0que ce secteur n\u2019est ni productif ni prioritaire par rapport aux urgences \u00e0 dimension publique. C\u2019est donc un choix ou encore une orientation claire que de consid\u00e9rer la culture comme un boulet \u00e0 tra\u00eener, sans aucun souci d\u2019\u00ab industrialisation \u00bb effective de la culture, tel qu\u2019elle est de mise dans les strat\u00e9gies de refonte de l\u2019\u00e9l\u00e9ment humain aux bas \u00e2ges, mise sur orbite au sein des nations avanc\u00e9es. Si l\u2019Etat parrain s\u2019obstine \u00e0 balayer d\u2019un revers de main dans ses budgets publics, quasiment la trace culturelle destin\u00e9e \u00e0 l\u2019identit\u00e9, au patrimoine, \u00e0 l\u2019histoire et \u00e0 l\u2019Homme, le Priv\u00e9 n\u2019en serait pas pour autant, rassur\u00e9 d\u2019investir dans un volet dont l\u2019exercice lui serait fort aventureux, tout en pr\u00e9f\u00e9rant se d\u00e9barquer dans le b\u00e9ton, ce \u00a0qui est plus s\u00fbr et avantageux. Ce qui explique en grande partie, le recul du niveau de conscience, de go\u00fbt et surtout de valeur chez les g\u00e9n\u00e9rations qui montent et la prolif\u00e9ration de la d\u00e9linquance et la d\u00e9bauche. L\u2019essayiste fran\u00e7ais, Albert Camus disait un jour\u00a0: \u00ab\u00a0Tout ce qui d\u00e9grade la culture, ne fait que raccourcir les chemins menant \u00e0 la servitude!\u00bb. Or, il n\u2019y a pas plus cher que l\u2019attachement \u00e0 la dignit\u00e9 et \u00e0 la libert\u00e9 pour l\u2019\u00e9panouissement d\u2019un peuple. Ces principes vertueux, seul l\u2019ancrage de la culture est en mesure, sous ses divers angles, pourrait en constituer la preuve irr\u00e9futable. Mais, il est d\u00e9plorable de constater que l\u2019Etat, dans ses moutures r\u00e9p\u00e9titives campe encore sur les\u00a0 manies dict\u00e9es par des soucis \u00abs\u00e9curitaires\u00bb ou des calculs \u00abmacro\u00e9conomiques\u00bb. C\u2019est ainsi qu\u2019on continue \u00e0 dig\u00e9rer la panne culturelle, des d\u00e9cennies durant, sans avoir l\u2019audace ni la volont\u00e9 de renverser la formule en repla\u00e7ant la culture aux avant-postes des priorit\u00e9s. Finalement, on serait bien tomb\u00e9 sur la citation de l\u2019adepte de l\u2019absurde sus mentionn\u00e9,\u00a0 en disant dans \u00ab\u00a0la chute\u00a0\u00bb\u00a0:\u00a0\u00ab\u00a0Continuer, seulement continuer, voil\u00e0 ce qui est surhumain\u00a0\u00bb. On ne peut alors continuer \u00e0 tol\u00e9rer une chute culturelle, cela ne ferait transcender, en fin de compte que nos capacit\u00e9s humaines\u00a0!<\/strong><\/p>\n<p>L\u2019article <a rel=\"nofollow\" href=\"http:\/\/albayane.press.ma\/la-culture-ce-parent-pauvre.html\">La culture, ce parent pauvre !<\/a> est apparu en premier sur <a rel=\"nofollow\" href=\"http:\/\/albayane.press.ma\/\">ALBAYANE<\/a>.<\/p>\n<\/div>\n<p>Auteur: M&rsquo;hammed rahal<br \/>\n<a href=\"http:\/\/albayane.press.ma\/la-culture-ce-parent-pauvre.html\">Cliquez ici pour lire l&rsquo;article depuis sa source.<\/a><\/p>\n","protected":false},"excerpt":{"rendered":"<p>La d\u00e9cortication des budgets sectoriels apparent\u00e9s au Projet de Loi de Finances, par les ministres respectifs et d\u00e9put\u00e9s des commissions ad hoc, se poursuit \u00e0 brides abattues \u00e0 l\u2019h\u00e9micycle, jusqu\u2019au 17 courant, date du vote en pl\u00e9ni\u00e8re du PLF. On se limiterait \u00e0 pr\u00e9sent, de parler politique publique de la Culture, parent pauvre du montage [&hellip;]<\/p>\n","protected":false},"author":1760,"featured_media":0,"comment_status":"closed","ping_status":"closed","sticky":false,"template":"","format":"standard","meta":{"fifu_image_url":"","fifu_image_alt":"","footnotes":""},"categories":[73,54],"tags":[],"class_list":["post-132592","post","type-post","status-publish","format-standard","hentry","category-actualite","category-maroc"],"_links":{"self":[{"href":"https:\/\/linitiative.ca\/International\/wp-json\/wp\/v2\/posts\/132592","targetHints":{"allow":["GET"]}}],"collection":[{"href":"https:\/\/linitiative.ca\/International\/wp-json\/wp\/v2\/posts"}],"about":[{"href":"https:\/\/linitiative.ca\/International\/wp-json\/wp\/v2\/types\/post"}],"author":[{"embeddable":true,"href":"https:\/\/linitiative.ca\/International\/wp-json\/wp\/v2\/users\/1760"}],"replies":[{"embeddable":true,"href":"https:\/\/linitiative.ca\/International\/wp-json\/wp\/v2\/comments?post=132592"}],"version-history":[{"count":0,"href":"https:\/\/linitiative.ca\/International\/wp-json\/wp\/v2\/posts\/132592\/revisions"}],"wp:attachment":[{"href":"https:\/\/linitiative.ca\/International\/wp-json\/wp\/v2\/media?parent=132592"}],"wp:term":[{"taxonomy":"category","embeddable":true,"href":"https:\/\/linitiative.ca\/International\/wp-json\/wp\/v2\/categories?post=132592"},{"taxonomy":"post_tag","embeddable":true,"href":"https:\/\/linitiative.ca\/International\/wp-json\/wp\/v2\/tags?post=132592"}],"curies":[{"name":"wp","href":"https:\/\/api.w.org\/{rel}","templated":true}]}}