{"id":132594,"date":"2021-11-10T13:00:00","date_gmt":"2021-11-10T18:00:00","guid":{"rendered":"https:\/\/linitiative.ca\/International\/minoritaire-dans-la-representation-majoritaire-dans-les-esprits\/"},"modified":"2021-11-10T13:00:00","modified_gmt":"2021-11-10T18:00:00","slug":"minoritaire-dans-la-representation-majoritaire-dans-les-esprits","status":"publish","type":"post","link":"https:\/\/linitiative.ca\/International\/minoritaire-dans-la-representation-majoritaire-dans-les-esprits\/","title":{"rendered":"Minoritaire dans la repr\u00e9sentation, majoritaire dans les esprits."},"content":{"rendered":"<div>\n<p class=\"has-black-color has-text-color\"><strong>Sont dans le tort de le faire, ceux et celles qui, de temps \u00e0 autre, crient \u00e0 la fin de la gauche au Royaume du Maroc, suite \u00e0 tels r\u00e9sultats lors d\u2019\u00e9ch\u00e9ances \u00e9lectorales ou en d\u00e9blat\u00e9rant sur la situation organisationnelle de tel ou tel parti de cette mouvance politique ou seulement pour donner une contenance \u00e0 leur existence vaporeuse.<\/strong><\/p>\n<p class=\"has-black-color has-text-color\">Dans le tort, car ils croient que leur sentence va r\u00e9gir le champ politique national et qu\u2019ainsi ils feront \u0153uvre d\u2019une comp\u00e9tence analytique \u00e0 m\u00eame de les faire valoir dans l\u2019espace virtuel dans lequel ils se d\u00e9battent. Ils se trompent eux-m\u00eames tout d\u2019abord avant de vouloir suborner les autres en devenant des boites \u00e0 \u00e9cho sans aucune consistance.\u00a0<\/p>\n<p class=\"has-black-color has-text-color\">Car, pour que cette d\u00e9claration de charlatan soit valable, il faudrait que la n\u00e9cessit\u00e9 de la gauche dans notre beau pays ne soit pas une exigence historique.<\/p>\n<p class=\"has-black-color has-text-color\">Or, dans le contexte n\u00e9olib\u00e9ral qui caract\u00e9rise l\u2019action gouvernementale actuelle, les in\u00e9galit\u00e9s sociales et les disparit\u00e9s spatiales se creusent, la marchandisation de toute activit\u00e9 intensifie les contradictions sociales et de nombreux coups de boutoir sont men\u00e9s, d\u2019une mani\u00e8re ou d\u2019une autre, pour affaiblir l\u2019Etat dans son r\u00f4le r\u00e9gulateur et social. Il s\u2019ensuit une augmentation de la pr\u00e9carit\u00e9 et de l\u2019exclusion qui donneront aux d\u00e9favoris\u00e9s et aux d\u00e9munis une pr\u00e9sence encore plus grande.<\/p>\n<p class=\"has-black-color has-text-color\">Cette masse populaire et ses revendications l\u00e9gitimes pour une vie digne constituent l\u2019assise existentielle de la gauche. Celles et ceux parmi les plus faibles, les plus fragiles, les laiss\u00e9s-pour-compte du n\u00e9olib\u00e9ralisme trouveront les moyens organisationnels les plus ad\u00e9quats pour faire vivre la gauche et faire triompher ses valeurs\u00a0; alors que les vell\u00e9it\u00e9s de la voir disparaitre seront encore, comme toujours, d\u00e9\u00e7ues.<\/p>\n<p class=\"has-black-color has-text-color\">Les dysfonctionnements issus des contradictions et des conservatismes lui permettront de proposer l\u2019alternative, pour une soci\u00e9t\u00e9 moderne, plus juste, \u00e9quitable\u00a0et veillant \u00e0 la protection de son environnement ; une soci\u00e9t\u00e9 o\u00f9 le progr\u00e8s, l\u2019\u00e9galit\u00e9 et l\u2019\u00e9mancipation de l\u2019Homme sont au c\u0153ur de son projet.<\/p>\n<p class=\"has-black-color has-text-color\">Il se peut que la fr\u00e9n\u00e9sie issue des r\u00e9sultats des derni\u00e8res \u00e9lections conduit certains \u00e0 aller trop vite en besogne, en exprimant les v\u0153ux de leurs ma\u00eetres, pour enterrer les partis politique se r\u00e9clamant de la gauche dans le champ politique national. Ceux-l\u00e0 se fourvoient lourdement, font preuve d\u2019une m\u00e9connaissance de la r\u00e9alit\u00e9 de la soci\u00e9t\u00e9 marocaine et bottent en touche sur l\u2019impact des r\u00e9sultats des derni\u00e8res \u00e9lections sur l\u2019avenir de la gauche marocaine.<\/p>\n<p class=\"has-black-color has-text-color\">Au fait\u00a0; ils cherchent, par cette mystification, \u00e0 \u00e9luder l\u2019incapacit\u00e9 de l\u2019ex\u00e9cutif actuel \u00e0 r\u00e9pondre aux attentes l\u00e9gitimes de la population qui souffre des cons\u00e9quences de la pand\u00e9mie et de la d\u00e9gradation de son pouvoir d\u2019achat et des services sociaux qui lui sont n\u00e9cessaires.<\/p>\n<p class=\"has-black-color has-text-color\">Malgr\u00e9 ses divergences, ses divisions et son \u00e9parpillement, la gauche marocaine a l\u2019opportunit\u00e9 de pr\u00e9parer l\u2019alternance par une alternative nationale d\u00e9mocratique et progressiste. Son h\u00e9ritage confirme son r\u00f4le dans les r\u00e9alisations du Maroc d\u2019aujourd\u2019hui comme il garantit sa r\u00e9ussite dans celui de demain. La gauche a toujours \u00e9t\u00e9 pr\u00e9sente pour assumer son devoir. \u00a0Dans la lutte de lib\u00e9ration contre le protectorat, \u00e0 travers les premiers pas du Maroc ind\u00e9pendant et ses r\u00e9alisations souveraines, par sa r\u00e9sistance \u00e0 la r\u00e9pression et \u00e0 la d\u00e9viation, dans sa lutte contre la d\u00e9pravation, l\u2019ajustement structurel et les orientations socio\u00e9conomiques non populaires, par l\u2019expression de sa foi dans la supr\u00e9matie de l\u2019int\u00e9r\u00eat national sur tout autre, par sa mobilisation infaillible pour l\u2019int\u00e9grit\u00e9 territoriale et son engagement pour la r\u00e9ussite et la consolidation du processus d\u00e9mocratique, la gauche marocaine a marqu\u00e9 l\u2019histoire r\u00e9cente du royaume.<\/p>\n<p class=\"has-black-color has-text-color\">L\u2019intelligence des femmes et des hommes qui la constituent lui permettra de d\u00e9passer ses errements h\u00e9g\u00e9moniques, nombrilistes et \u00e9gocentriques pour r\u00e9pondre aux d\u00e9fis impos\u00e9s \u00e0 la Nation par un voisinage qui sombre dans la folie guerri\u00e8re de ses gouvernants \u00e0 bout de souffle. La gauche marocaine est essentielle dans la consolidation du front int\u00e9rieur sur lequel buteront tous les ennemis et adversaires du Maroc moderne, prosp\u00e8re, stable et d\u00e9mocratique.<\/p>\n<p class=\"has-black-color has-text-color\">A la gauche marocaine, dans sa pluralit\u00e9, de r\u00e9pondre au d\u00e9fi existentiel que ses adversaires de classe lui font subir en clamant haut et fort son identit\u00e9, sa vision politique et en assainissant son organisation. Car, minoritaire dans la configuration du champ politique actuel, la gauche marocaine est majoritaire dans les esprits.<\/p>\n<p>L\u2019article <a rel=\"nofollow\" href=\"http:\/\/albayane.press.ma\/minoritaire-dans-la-representation-majoritaire-dans-les-esprits.html\">Minoritaire dans la repr\u00e9sentation, majoritaire dans les esprits.<\/a> est apparu en premier sur <a rel=\"nofollow\" href=\"http:\/\/albayane.press.ma\/\">ALBAYANE<\/a>.<\/p>\n<\/div>\n<p>Auteur: M&rsquo;hammed rahal<br \/>\n<a href=\"http:\/\/albayane.press.ma\/minoritaire-dans-la-representation-majoritaire-dans-les-esprits.html\">Cliquez ici pour lire l&rsquo;article depuis sa source.<\/a><\/p>\n","protected":false},"excerpt":{"rendered":"<p>Sont dans le tort de le faire, ceux et celles qui, de temps \u00e0 autre, crient \u00e0 la fin de la gauche au Royaume du Maroc, suite \u00e0 tels r\u00e9sultats lors d\u2019\u00e9ch\u00e9ances \u00e9lectorales ou en d\u00e9blat\u00e9rant sur la situation organisationnelle de tel ou tel parti de cette mouvance politique ou seulement pour donner une contenance [&hellip;]<\/p>\n","protected":false},"author":1760,"featured_media":0,"comment_status":"closed","ping_status":"closed","sticky":false,"template":"","format":"standard","meta":{"fifu_image_url":"","fifu_image_alt":"","footnotes":""},"categories":[73,54],"tags":[],"class_list":["post-132594","post","type-post","status-publish","format-standard","hentry","category-actualite","category-maroc"],"_links":{"self":[{"href":"https:\/\/linitiative.ca\/International\/wp-json\/wp\/v2\/posts\/132594","targetHints":{"allow":["GET"]}}],"collection":[{"href":"https:\/\/linitiative.ca\/International\/wp-json\/wp\/v2\/posts"}],"about":[{"href":"https:\/\/linitiative.ca\/International\/wp-json\/wp\/v2\/types\/post"}],"author":[{"embeddable":true,"href":"https:\/\/linitiative.ca\/International\/wp-json\/wp\/v2\/users\/1760"}],"replies":[{"embeddable":true,"href":"https:\/\/linitiative.ca\/International\/wp-json\/wp\/v2\/comments?post=132594"}],"version-history":[{"count":0,"href":"https:\/\/linitiative.ca\/International\/wp-json\/wp\/v2\/posts\/132594\/revisions"}],"wp:attachment":[{"href":"https:\/\/linitiative.ca\/International\/wp-json\/wp\/v2\/media?parent=132594"}],"wp:term":[{"taxonomy":"category","embeddable":true,"href":"https:\/\/linitiative.ca\/International\/wp-json\/wp\/v2\/categories?post=132594"},{"taxonomy":"post_tag","embeddable":true,"href":"https:\/\/linitiative.ca\/International\/wp-json\/wp\/v2\/tags?post=132594"}],"curies":[{"name":"wp","href":"https:\/\/api.w.org\/{rel}","templated":true}]}}