{"id":132595,"date":"2021-11-11T06:00:00","date_gmt":"2021-11-11T11:00:00","guid":{"rendered":"https:\/\/linitiative.ca\/International\/tebboune-decline\/"},"modified":"2021-11-11T06:00:00","modified_gmt":"2021-11-11T11:00:00","slug":"tebboune-decline","status":"publish","type":"post","link":"https:\/\/linitiative.ca\/International\/tebboune-decline\/","title":{"rendered":"Tebboune d\u00e9cline"},"content":{"rendered":"<div>Au lendemain  de  l\u2019invitation  lanc\u00e9e  par l\u2019\u00c9lys\u00e9e, le ministre des Affaires \u00e9trang\u00e8res, Ramtane Lamamra a affirm\u00e9 que \u201cles conditions ne sont pas r\u00e9unies\u201d pour la pr\u00e9sence personnelle du pr\u00e9sident Tebboune \u00e0 la conf\u00e9rence internationale de Paris.<\/div>\n<p>Auteur:<br \/>\n<a href=\"https:\/\/www.liberte-algerie.com\/actualite\/tebboune-decline-368132\">Cliquez ici pour lire l&rsquo;article depuis sa source.<\/a><\/p>\n","protected":false},"excerpt":{"rendered":"<p>Au lendemain de l\u2019invitation lanc\u00e9e par l\u2019\u00c9lys\u00e9e, le ministre des Affaires \u00e9trang\u00e8res, Ramtane Lamamra a affirm\u00e9 que \u201cles conditions ne sont pas r\u00e9unies\u201d pour la pr\u00e9sence personnelle du pr\u00e9sident Tebboune \u00e0 la conf\u00e9rence internationale de Paris. Auteur: Cliquez ici pour lire l&rsquo;article depuis sa source.<\/p>\n","protected":false},"author":1742,"featured_media":0,"comment_status":"closed","ping_status":"closed","sticky":false,"template":"","format":"standard","meta":{"fifu_image_url":"","fifu_image_alt":"","footnotes":""},"categories":[73,53],"tags":[],"class_list":["post-132595","post","type-post","status-publish","format-standard","hentry","category-actualite","category-algerie"],"_links":{"self":[{"href":"https:\/\/linitiative.ca\/International\/wp-json\/wp\/v2\/posts\/132595","targetHints":{"allow":["GET"]}}],"collection":[{"href":"https:\/\/linitiative.ca\/International\/wp-json\/wp\/v2\/posts"}],"about":[{"href":"https:\/\/linitiative.ca\/International\/wp-json\/wp\/v2\/types\/post"}],"author":[{"embeddable":true,"href":"https:\/\/linitiative.ca\/International\/wp-json\/wp\/v2\/users\/1742"}],"replies":[{"embeddable":true,"href":"https:\/\/linitiative.ca\/International\/wp-json\/wp\/v2\/comments?post=132595"}],"version-history":[{"count":0,"href":"https:\/\/linitiative.ca\/International\/wp-json\/wp\/v2\/posts\/132595\/revisions"}],"wp:attachment":[{"href":"https:\/\/linitiative.ca\/International\/wp-json\/wp\/v2\/media?parent=132595"}],"wp:term":[{"taxonomy":"category","embeddable":true,"href":"https:\/\/linitiative.ca\/International\/wp-json\/wp\/v2\/categories?post=132595"},{"taxonomy":"post_tag","embeddable":true,"href":"https:\/\/linitiative.ca\/International\/wp-json\/wp\/v2\/tags?post=132595"}],"curies":[{"name":"wp","href":"https:\/\/api.w.org\/{rel}","templated":true}]}}