{"id":132600,"date":"2021-11-11T05:57:37","date_gmt":"2021-11-11T10:57:37","guid":{"rendered":"https:\/\/linitiative.ca\/International\/reunion-sur-le-projet-du-parc-eolien-de-jbel-lahdid-270-mw\/"},"modified":"2021-11-11T05:57:37","modified_gmt":"2021-11-11T10:57:37","slug":"reunion-sur-le-projet-du-parc-eolien-de-jbel-lahdid-270-mw","status":"publish","type":"post","link":"https:\/\/linitiative.ca\/International\/reunion-sur-le-projet-du-parc-eolien-de-jbel-lahdid-270-mw\/","title":{"rendered":"R\u00e9union sur le projet du \u00ab\u00a0Parc \u00e9olien de Jbel Lahdid-270 MW\u00a0\u00bb"},"content":{"rendered":"<div>\n<div style=\"margin-bottom:20px;\"><img loading=\"lazy\" decoding=\"async\" width=\"750\" height=\"430\" src=\"https:\/\/linitiative.ca\/International\/wp-content\/uploads\/sites\/23\/2021\/11\/jbel-lahdid-copier.jpg\" class=\"attachment-post-thumbnail size-post-thumbnail wp-post-image\" alt=\"\" srcset=\"https:\/\/linitiative.ca\/International\/wp-content\/uploads\/sites\/23\/2021\/11\/jbel-lahdid-copier.jpg 750w, http:\/\/www.mapmarrakech.ma\/map\/uploads\/2021\/11\/jbel-lahdid-copier-300x172.jpg 300w\" sizes=\"auto, (max-width: 750px) 100vw, 750px\"><\/div>\n<div>\n<p>Cette rencontre, tenue en pr\u00e9sence notamment du gouverneur de la province, M. Adil El Maliki, des autorit\u00e9s locales et des pr\u00e9sidents des communes rurales concern\u00e9es, a \u00e9t\u00e9 l\u2019occasion pour faire le point sur les pr\u00e9paratifs et les diff\u00e9rentes phases du projet, ainsi que sur les mesures proactives \u00e0 entreprendre sur tous les plans, notamment logistique, pour l\u2019impl\u00e9mentation de ce grand chantier, en perspective du lancement dans les meilleures conditions de ce projet phare, \u00e0 m\u00eame de faire de la province une plateforme incontournable de production de l\u2019\u00e9nergie propre au niveau national.<\/p>\n<p>Ce parc \u00e9olien, dont la r\u00e9alisation n\u00e9cessitera un investissement de pr\u00e8s de 3 milliards de dirhams, g\u00e9n\u00e8rera 270 MW gr\u00e2ce \u00e0 une cinquantaine de turbines, alors que le productible \u00e9nerg\u00e9tique de ce projet, qui permettra la cr\u00e9ation de 300 \u00e0 400 emplois directs pendant la construction et plus de 20 emplois directs pendant la phase de l\u2019exploitation, s\u2019\u00e9l\u00e8ve \u00e0 900 GWH\/an.<\/p>\n<p>Ce projet d\u2019envergure, qui fait partie du programme d\u2019\u00e9quipement de l\u2019ONEE en moyens de production \u00e9lectrique, s\u2019inscrit dans le cadre de la mise en \u0153uvre de la Vision Royale visant \u00e0 garantir la s\u00e9curisation de l\u2019approvisionnement \u00e9nerg\u00e9tique du Royaume, notamment celle \u00e0 base d\u2019\u00e9nergie renouvelable.<\/p>\n<p>S\u2019exprimant \u00e0 cette occasion, M. El Maliki a soulign\u00e9 que les pr\u00e9paratifs pour le lancement de ce projet phare vont bon train et dans le respect strict des d\u00e9lais et de l\u2019agenda fix\u00e9s, ajoutant que \u00ab\u00a0tous les voyants sont au vert\u00a0\u00bb concernant ce chantier \u00e9cologique par excellence.<\/p>\n<p>Et le gouverneur d\u2019encha\u00eener que les autorit\u00e9s provinciales et locales ainsi que l\u2019ensemble des parties prenantes demeurent mobilis\u00e9es et veillent \u00e0 r\u00e9unir les conditions optimales et \u00e0 prendre les mesures n\u00e9cessaires pour le lancement des travaux, qui requi\u00e8rent toute une logistique et une infrastructure d\u00e9j\u00e0 en place.<\/p>\n<p>Le gouverneur n\u2019a pas manqu\u00e9 de mettre en avant l\u2019apport important de ce projet sur les plans socio\u00e9conomique et \u00e9cologique, notamment en termes de cr\u00e9ation d\u2019emplois au profit des populations locales et de production d\u2019\u00e9nergie propre, en tant que composante importante de la strat\u00e9gie \u00e9nerg\u00e9tique du Royaume qui a fait de la question de la transition \u00e9nerg\u00e9tique un choix national, mettant en relief la contribution de ce projet au renforcement de l\u2019attractivit\u00e9 de la province en termes d\u2019investissements.<\/p>\n<p>Il a, dans la foul\u00e9e, invit\u00e9 les diff\u00e9rents intervenants et parties concern\u00e9es \u00e0 poursuivre leurs efforts afin que ce projet voit le jour, soulignant que la construction de ce parc \u00e9olien vient conforter la dynamique de d\u00e9veloppement socio\u00e9conomique que conna\u00eet la province.<\/p>\n<p>Pour sa part, Mme Loubna Farabi, directrice Projets et Programme production \u00e0 l\u2019ONEE (Branche Electricit\u00e9), a expliqu\u00e9 que ce projet, qui contribuera \u00e0 l\u2019augmentation \u00e0 5GW de la capacit\u00e9 install\u00e9e en \u00e9olien au Maroc \u00e0 l\u2019horizon 2030, est d\u00e9velopp\u00e9 dans le cadre de la production de l\u2019\u00e9lectricit\u00e9 dans la mesure o\u00f9 l\u2019ONEE\/MASEN vont conclure un contrat d\u2019achat de l\u2019\u00e9lectricit\u00e9 avec une soci\u00e9t\u00e9 de projet, constitu\u00e9e de partenaires publics et priv\u00e9s.<\/p>\n<p>Le projet fait \u00e9galement l\u2019objet d\u2019un financement de bailleurs de fonds internationaux et d\u2019une \u00e9tude d\u2019impact environnemental et social ainsi que du respect de l\u2019ensemble des deadlines et pratiques internationales en termes de pr\u00e9servation de l\u2019environnement.<\/p>\n<p>Le lancement effectif des travaux est pr\u00e9vu pour la semaine prochaine, a-t-elle annonc\u00e9, pr\u00e9cisant que le d\u00e9lai de r\u00e9alisation est de 25 \u00e0 26 mois et la mise en service globale du parc est attendue en 2023.<\/p>\n<p>Pour ce qui est de l\u2019infrastructure, l\u2019ONEE a r\u00e9alis\u00e9 une ligne d\u2019\u00e9vacuation de 115 km depuis une ann\u00e9e, a-t-elle rappel\u00e9, ajoutant que tout le foncier est mobilis\u00e9 et les autorisations n\u00e9cessaires, dans ce sens, sont disponibles.<\/p>\n<p>Ce projet vient s\u2019ajouter \u00e0 celui d\u2019Amgdoul, mis en service en 2007, ce qui portera la capacit\u00e9 install\u00e9e en \u00e9nergie \u00e9olienne de la province d\u2019Essaouira \u00e0 plus de 300 MW, a-t-elle fait constater avant de conclure que cette capacit\u00e9 d\u00e9passe largement, en termes de consommation, les besoins de la province, ce qui fait de cette partie du territoire national une r\u00e9gion 100% aliment\u00e9e en \u00e9nergie renouvelable.<\/p>\n<p>De son c\u00f4t\u00e9, le directeur provincial de l\u2019ONEE (branche \u00e9lectricit\u00e9), M. Hicham Khallou, a saisi l\u2019occasion pour saluer l\u2019ensemble des intervenants (partenaires, autorit\u00e9s et \u00e9lus) pour leurs efforts inlassables en vue de garantir le lancement de mani\u00e8re fluide de ce projet qui constitue, sans nul doute, une v\u00e9ritable valeur ajout\u00e9e pour la province d\u2019Essaouira.<\/p>\n<p>Lui emboitant le pas, le directeur provincial des Eaux et For\u00eats et de la lutte contre la d\u00e9sertification, M. Abdelali Oumouhab, a indiqu\u00e9 que ce projet, qui sera r\u00e9alis\u00e9 sur une superficie dont la majorit\u00e9 \u00e9crasante rel\u00e8ve du domaine forestier, est de nature \u00e0 contribuer au rayonnement de la province d\u2019Essaouira, compte tenu de l\u2019importance de la production de l\u2019\u00e9nergie propre actuellement \u00e0 l\u2019\u00e9chelle mondiale.<\/p>\n<p>Cette ferme \u00e9olienne d\u2019Essaouira-270 MW fait partie du programme \u00e9olien Int\u00e9gr\u00e9 850 MW qui est compos\u00e9 de plusieurs parcs \u00e9oliens situ\u00e9s entre les r\u00e9gions sud et nord du Royaume disposant d\u2019un potentiel \u00e9olien important.<\/p>\n<p>Ces parcs \u00e9oliens du Programme sont d\u00e9velopp\u00e9s dans le cadre de la production priv\u00e9e d\u2019\u00e9lectricit\u00e9 (IPP) et du partenariat public-priv\u00e9 (PPP).<\/p>\n<\/div>\n<p>The post <a rel=\"nofollow\" href=\"http:\/\/www.mapmarrakech.ma\/fr\/reunion-sur-le-projet-du-parc-eolien-de-jbel-lahdid-270-mw\/\">R\u00e9union sur le projet du \u00ab\u00a0Parc \u00e9olien de Jbel Lahdid-270 MW\u00a0\u00bb<\/a> appeared first on <a rel=\"nofollow\" href=\"http:\/\/www.mapmarrakech.ma\/fr\">MapMarrakech<\/a>.<\/p>\n<\/div>\n<p>Auteur: Meriem IGASS<br \/>\n<a href=\"http:\/\/www.mapmarrakech.ma\/fr\/reunion-sur-le-projet-du-parc-eolien-de-jbel-lahdid-270-mw\/\">Cliquez ici pour lire l&rsquo;article depuis sa source.<\/a><\/p>\n","protected":false},"excerpt":{"rendered":"<p>Cette rencontre, tenue en pr\u00e9sence notamment du gouverneur de la province, M. Adil El Maliki, des autorit\u00e9s locales et des pr\u00e9sidents des communes rurales concern\u00e9es, a \u00e9t\u00e9 l\u2019occasion pour faire le point sur les pr\u00e9paratifs et les diff\u00e9rentes phases du projet, ainsi que sur les mesures proactives \u00e0 entreprendre sur tous les plans, notamment logistique, [&hellip;]<\/p>\n","protected":false},"author":1788,"featured_media":0,"comment_status":"closed","ping_status":"closed","sticky":false,"template":"","format":"standard","meta":{"fifu_image_url":"http:\/\/www.mapmarrakech.ma\/map\/uploads\/2021\/11\/jbel-lahdid-copier.jpg","fifu_image_alt":"R\u00e9union sur le projet du \u00ab\u00a0Parc \u00e9olien de Jbel Lahdid-270 MW\u00a0\u00bb","footnotes":""},"categories":[54,76],"tags":[],"class_list":["post-132600","post","type-post","status-publish","format-standard","hentry","category-maroc","category-regions"],"_links":{"self":[{"href":"https:\/\/linitiative.ca\/International\/wp-json\/wp\/v2\/posts\/132600","targetHints":{"allow":["GET"]}}],"collection":[{"href":"https:\/\/linitiative.ca\/International\/wp-json\/wp\/v2\/posts"}],"about":[{"href":"https:\/\/linitiative.ca\/International\/wp-json\/wp\/v2\/types\/post"}],"author":[{"embeddable":true,"href":"https:\/\/linitiative.ca\/International\/wp-json\/wp\/v2\/users\/1788"}],"replies":[{"embeddable":true,"href":"https:\/\/linitiative.ca\/International\/wp-json\/wp\/v2\/comments?post=132600"}],"version-history":[{"count":0,"href":"https:\/\/linitiative.ca\/International\/wp-json\/wp\/v2\/posts\/132600\/revisions"}],"wp:attachment":[{"href":"https:\/\/linitiative.ca\/International\/wp-json\/wp\/v2\/media?parent=132600"}],"wp:term":[{"taxonomy":"category","embeddable":true,"href":"https:\/\/linitiative.ca\/International\/wp-json\/wp\/v2\/categories?post=132600"},{"taxonomy":"post_tag","embeddable":true,"href":"https:\/\/linitiative.ca\/International\/wp-json\/wp\/v2\/tags?post=132600"}],"curies":[{"name":"wp","href":"https:\/\/api.w.org\/{rel}","templated":true}]}}