{"id":132602,"date":"2021-11-11T06:19:08","date_gmt":"2021-11-11T11:19:08","guid":{"rendered":"https:\/\/linitiative.ca\/International\/lum6p-tient-la-1ere-edition-de-ses-journees-scientifiques\/"},"modified":"2021-11-11T06:19:08","modified_gmt":"2021-11-11T11:19:08","slug":"lum6p-tient-la-1ere-edition-de-ses-journees-scientifiques","status":"publish","type":"post","link":"https:\/\/linitiative.ca\/International\/lum6p-tient-la-1ere-edition-de-ses-journees-scientifiques\/","title":{"rendered":"L\u2019UM6P tient la 1\u00e8re \u00e9dition de ses journ\u00e9es scientifiques"},"content":{"rendered":"<div>\n<div style=\"margin-bottom:20px;\"><img loading=\"lazy\" decoding=\"async\" width=\"750\" height=\"430\" src=\"https:\/\/linitiative.ca\/International\/wp-content\/uploads\/sites\/23\/2021\/11\/video-6.jpg\" class=\"attachment-post-thumbnail size-post-thumbnail wp-post-image\" alt=\"\" srcset=\"https:\/\/linitiative.ca\/International\/wp-content\/uploads\/sites\/23\/2021\/11\/video-6.jpg 750w, http:\/\/www.mapmarrakech.ma\/map\/uploads\/2021\/11\/video-6-300x172.jpg 300w\" sizes=\"auto, (max-width: 750px) 100vw, 750px\"><\/div>\n<p>The post <a rel=\"nofollow\" href=\"http:\/\/www.mapmarrakech.ma\/fr\/lum6p-tient-la-1ere-edition-de-ses-journees-scientifiques-2\/\">L\u2019UM6P tient la 1\u00e8re \u00e9dition de ses journ\u00e9es scientifiques<\/a> appeared first on <a rel=\"nofollow\" href=\"http:\/\/www.mapmarrakech.ma\/fr\">MapMarrakech<\/a>.<\/p>\n<\/div>\n<p>Auteur: Meriem IGASS<br \/>\n<a href=\"http:\/\/www.mapmarrakech.ma\/fr\/lum6p-tient-la-1ere-edition-de-ses-journees-scientifiques-2\/\">Cliquez ici pour lire l&rsquo;article depuis sa source.<\/a><\/p>\n","protected":false},"excerpt":{"rendered":"<p>The post L\u2019UM6P tient la 1\u00e8re \u00e9dition de ses journ\u00e9es scientifiques appeared first on MapMarrakech. Auteur: Meriem IGASS Cliquez ici pour lire l&rsquo;article depuis sa source.<\/p>\n","protected":false},"author":1788,"featured_media":0,"comment_status":"closed","ping_status":"closed","sticky":false,"template":"","format":"standard","meta":{"fifu_image_url":"http:\/\/www.mapmarrakech.ma\/map\/uploads\/2021\/11\/video-6.jpg","fifu_image_alt":"L\u2019UM6P tient la 1\u00e8re \u00e9dition de ses journ\u00e9es scientifiques","footnotes":""},"categories":[54,76],"tags":[],"class_list":["post-132602","post","type-post","status-publish","format-standard","hentry","category-maroc","category-regions"],"_links":{"self":[{"href":"https:\/\/linitiative.ca\/International\/wp-json\/wp\/v2\/posts\/132602","targetHints":{"allow":["GET"]}}],"collection":[{"href":"https:\/\/linitiative.ca\/International\/wp-json\/wp\/v2\/posts"}],"about":[{"href":"https:\/\/linitiative.ca\/International\/wp-json\/wp\/v2\/types\/post"}],"author":[{"embeddable":true,"href":"https:\/\/linitiative.ca\/International\/wp-json\/wp\/v2\/users\/1788"}],"replies":[{"embeddable":true,"href":"https:\/\/linitiative.ca\/International\/wp-json\/wp\/v2\/comments?post=132602"}],"version-history":[{"count":0,"href":"https:\/\/linitiative.ca\/International\/wp-json\/wp\/v2\/posts\/132602\/revisions"}],"wp:attachment":[{"href":"https:\/\/linitiative.ca\/International\/wp-json\/wp\/v2\/media?parent=132602"}],"wp:term":[{"taxonomy":"category","embeddable":true,"href":"https:\/\/linitiative.ca\/International\/wp-json\/wp\/v2\/categories?post=132602"},{"taxonomy":"post_tag","embeddable":true,"href":"https:\/\/linitiative.ca\/International\/wp-json\/wp\/v2\/tags?post=132602"}],"curies":[{"name":"wp","href":"https:\/\/api.w.org\/{rel}","templated":true}]}}