{"id":132604,"date":"2021-11-11T08:49:05","date_gmt":"2021-11-11T13:49:05","guid":{"rendered":"https:\/\/linitiative.ca\/International\/role-des-chambres-professionnelles-dans-le-developpement-regional\/"},"modified":"2021-11-11T08:49:05","modified_gmt":"2021-11-11T13:49:05","slug":"role-des-chambres-professionnelles-dans-le-developpement-regional","status":"publish","type":"post","link":"https:\/\/linitiative.ca\/International\/role-des-chambres-professionnelles-dans-le-developpement-regional\/","title":{"rendered":"R\u00f4le des Chambres professionnelles dans le d\u00e9veloppement r\u00e9gional"},"content":{"rendered":"<div>\n<div style=\"margin-bottom:20px;\"><img loading=\"lazy\" decoding=\"async\" width=\"750\" height=\"430\" src=\"https:\/\/linitiative.ca\/International\/wp-content\/uploads\/sites\/23\/2021\/11\/chambres-copier.jpg\" class=\"attachment-post-thumbnail size-post-thumbnail wp-post-image\" alt=\"\" srcset=\"https:\/\/linitiative.ca\/International\/wp-content\/uploads\/sites\/23\/2021\/11\/chambres-copier.jpg 750w, http:\/\/www.mapmarrakech.ma\/map\/uploads\/2021\/11\/chambres-copier-300x172.jpg 300w\" sizes=\"auto, (max-width: 750px) 100vw, 750px\"><\/div>\n<p>Tenues dans le cadre des rencontres de communication avec les instances \u00e9lues issues du scrutin de 8 septembre, ces r\u00e9unions ont servi d\u2019occasion pour le wali de la r\u00e9gion Marrakech-Safi, gouverneur de la pr\u00e9fecture de Marrakech, M. Karim Kassi-Lahlou, de passer en revue les projets structurants mis en \u0153uvre au niveau de la r\u00e9gion.<\/p>\n<p>Dans ce sens, le wali a appel\u00e9 les membres des bureaux de la Chambre de Commerce, d\u2019Industrie et de Services (CCIS) et de la Chambre d\u2019Artisanat \u00e0 contribuer activement \u00e0 la r\u00e9ussite de ces projets structurants afin de d\u00e9velopper le tissu \u00e9conomique r\u00e9gional et ce, conform\u00e9ment aux Hautes Orientations Royales et au contenu du Nouveau Mod\u00e8le de D\u00e9veloppement (NMD).<br \/>\nDans ce sens, M. Kassi- Lahlou, a r\u00e9it\u00e9r\u00e9 l\u2019engagement et la d\u00e9termination des autorit\u00e9s locales et des services ext\u00e9rieurs concern\u00e9s \u00e0 coop\u00e9rer et \u00e0 coordonner leurs efforts avec les pr\u00e9sidents des deux Chambres, afin de r\u00e9ussir leurs missions au service de l\u2019int\u00e9r\u00eat g\u00e9n\u00e9ral.<br \/>\nDe leur c\u00f4t\u00e9, les membres des bureaux des deux Chambres ont mis en exergue le soutien apport\u00e9 par les autorit\u00e9s de la wilaya \u00e0 leurs efforts visant \u00e0 mener \u00e0 bien leurs missions, exprimant leur volont\u00e9 de coordonner avec toutes les parties prenantes afin de contribuer au d\u00e9veloppement des secteurs qu\u2019ils repr\u00e9sentent.<\/p>\n<p>Dans le m\u00eame sillage, ils ont salu\u00e9 l\u2019esprit positif qui r\u00e8gne entre les diff\u00e9rents acteurs de l\u2019\u00e9cosyst\u00e8me r\u00e9gional, avant de saisir l\u2019occasion pour examiner certains dossiers n\u00e9cessitant d\u2019\u00eatre r\u00e9solus.<\/p>\n<p>Ces deux r\u00e9unions se sont d\u00e9roul\u00e9es en pr\u00e9sence, notamment du secr\u00e9taire g\u00e9n\u00e9ral de la wilaya, et du chef par int\u00e9rim de la division des affaires \u00e9conomiques et de la coordination.<\/p>\n<p>The post <a rel=\"nofollow\" href=\"http:\/\/www.mapmarrakech.ma\/fr\/role-des-chambres-professionnelles-dans-le-developpement-regional\/\">R\u00f4le des Chambres professionnelles dans le d\u00e9veloppement r\u00e9gional<\/a> appeared first on <a rel=\"nofollow\" href=\"http:\/\/www.mapmarrakech.ma\/fr\">MapMarrakech<\/a>.<\/p>\n<\/div>\n<p>Auteur: Meriem IGASS<br \/>\n<a href=\"http:\/\/www.mapmarrakech.ma\/fr\/role-des-chambres-professionnelles-dans-le-developpement-regional\/\">Cliquez ici pour lire l&rsquo;article depuis sa source.<\/a><\/p>\n","protected":false},"excerpt":{"rendered":"<p>Tenues dans le cadre des rencontres de communication avec les instances \u00e9lues issues du scrutin de 8 septembre, ces r\u00e9unions ont servi d\u2019occasion pour le wali de la r\u00e9gion Marrakech-Safi, gouverneur de la pr\u00e9fecture de Marrakech, M. Karim Kassi-Lahlou, de passer en revue les projets structurants mis en \u0153uvre au niveau de la r\u00e9gion. Dans [&hellip;]<\/p>\n","protected":false},"author":1788,"featured_media":0,"comment_status":"closed","ping_status":"closed","sticky":false,"template":"","format":"standard","meta":{"fifu_image_url":"http:\/\/www.mapmarrakech.ma\/map\/uploads\/2021\/11\/chambres-copier.jpg","fifu_image_alt":"R\u00f4le des Chambres professionnelles dans le d\u00e9veloppement r\u00e9gional","footnotes":""},"categories":[54,76],"tags":[],"class_list":["post-132604","post","type-post","status-publish","format-standard","hentry","category-maroc","category-regions"],"_links":{"self":[{"href":"https:\/\/linitiative.ca\/International\/wp-json\/wp\/v2\/posts\/132604","targetHints":{"allow":["GET"]}}],"collection":[{"href":"https:\/\/linitiative.ca\/International\/wp-json\/wp\/v2\/posts"}],"about":[{"href":"https:\/\/linitiative.ca\/International\/wp-json\/wp\/v2\/types\/post"}],"author":[{"embeddable":true,"href":"https:\/\/linitiative.ca\/International\/wp-json\/wp\/v2\/users\/1788"}],"replies":[{"embeddable":true,"href":"https:\/\/linitiative.ca\/International\/wp-json\/wp\/v2\/comments?post=132604"}],"version-history":[{"count":0,"href":"https:\/\/linitiative.ca\/International\/wp-json\/wp\/v2\/posts\/132604\/revisions"}],"wp:attachment":[{"href":"https:\/\/linitiative.ca\/International\/wp-json\/wp\/v2\/media?parent=132604"}],"wp:term":[{"taxonomy":"category","embeddable":true,"href":"https:\/\/linitiative.ca\/International\/wp-json\/wp\/v2\/categories?post=132604"},{"taxonomy":"post_tag","embeddable":true,"href":"https:\/\/linitiative.ca\/International\/wp-json\/wp\/v2\/tags?post=132604"}],"curies":[{"name":"wp","href":"https:\/\/api.w.org\/{rel}","templated":true}]}}