{"id":132606,"date":"2021-11-11T09:01:44","date_gmt":"2021-11-11T14:01:44","guid":{"rendered":"https:\/\/linitiative.ca\/International\/previsions-meteorologiques-pour-le-vendredi-12-novembre\/"},"modified":"2021-11-11T09:01:44","modified_gmt":"2021-11-11T14:01:44","slug":"previsions-meteorologiques-pour-le-vendredi-12-novembre","status":"publish","type":"post","link":"https:\/\/linitiative.ca\/International\/previsions-meteorologiques-pour-le-vendredi-12-novembre\/","title":{"rendered":"Pr\u00e9visions m\u00e9t\u00e9orologiques pour le vendredi 12 novembre"},"content":{"rendered":"<div>\n<div style=\"margin-bottom:20px;\"><img loading=\"lazy\" decoding=\"async\" width=\"750\" height=\"430\" src=\"https:\/\/linitiative.ca\/International\/wp-content\/uploads\/sites\/23\/2021\/11\/mC3A9tC3A9o.jpg\" class=\"attachment-post-thumbnail size-post-thumbnail wp-post-image\" alt=\"\" srcset=\"https:\/\/linitiative.ca\/International\/wp-content\/uploads\/sites\/23\/2021\/11\/mC3A9tC3A9o.jpg 750w, http:\/\/www.mapmarrakech.ma\/map\/uploads\/2021\/10\/m\u00e9t\u00e9o-300x172.jpg 300w\" sizes=\"auto, (max-width: 750px) 100vw, 750px\"><\/div>\n<p>\u2013 Temps assez froid sur les reliefs, l\u2019Oriental, le Sud-Est et les plateaux de phosphates avec gel\u00e9e locale la nuit et la matin\u00e9e.<\/p>\n<p>\u2013 Nuages bas assez denses avec formations brumeuses par endroits sur les plaines atlantiques Nord et Centre et le Saiss.<\/p>\n<p>\u2013 Ciel passag\u00e8rement nuageux sur l\u2019extr\u00eame Sud avec quelques ond\u00e9es locales.<\/p>\n<p>\u2013 Temps stable et ciel clair \u00e0 peu nuageux ailleurs.<\/p>\n<p>\u2013 Vent faible \u00e0 mod\u00e9r\u00e9 de secteur Nord \u00e0 Est sur le Sud, de Sud sur le Sud-Est et de Nord \u00e0 variable ailleurs.<\/p>\n<p>\u2013 Temp\u00e9ratures minimales de l\u2019ordre de -02\/03\u00b0C sur l\u2019Atlas, 00\/05\u00b0C sur le Rif, les Hauts plateaux Orientaux et les versants Sud-Est, 04\/09\u00b0C sur le Saiss, le Nord de l\u2019Oriental, l\u2019extr\u00eame Sud-Est, les plateaux de phosphate et Oulm\u00e8s et les plaines \u00e0 l\u2019Ouest de l\u2019Atlas, 08\/13\u00b0C sur les plaines atlantiques Nord et Centre, le Souss et de 14\/20\u00b0C sur les provinces Sud.<\/p>\n<p>\u2013 Temp\u00e9ratures maximales de l\u2019ordre de 12\/17\u00b0C sur les reliefs, le Rif et les Hauts plateaux Orientaux, 16\/21\u00b0C sur le Saiss, la M\u00e9diterran\u00e9e, le Sud-Est, les plateaux de phosphate et Oulm\u00e8s, 20\/25\u00b0C sur les plaines Nord et Centre, le Souss et le Nord des provinces Sud et de 25\/31\u00b0C sur le Sud des provinces sahariennes.<\/p>\n<p>\u2013 Mer belle \u00e0 peu agit\u00e9e sur la M\u00e9diterran\u00e9e et le D\u00e9troit, agit\u00e9e entre El Jorf et Tantan et peu agit\u00e9e \u00e0 agit\u00e9e ailleurs.<\/p>\n<p>The post <a rel=\"nofollow\" href=\"http:\/\/www.mapmarrakech.ma\/fr\/previsions-meteorologiques-pour-le-vendredi-12-novembre\/\">Pr\u00e9visions m\u00e9t\u00e9orologiques pour le vendredi 12 novembre<\/a> appeared first on <a rel=\"nofollow\" href=\"http:\/\/www.mapmarrakech.ma\/fr\">MapMarrakech<\/a>.<\/p>\n<\/div>\n<p>Auteur: Meriem IGASS<br \/>\n<a href=\"http:\/\/www.mapmarrakech.ma\/fr\/previsions-meteorologiques-pour-le-vendredi-12-novembre\/\">Cliquez ici pour lire l&rsquo;article depuis sa source.<\/a><\/p>\n","protected":false},"excerpt":{"rendered":"<p>\u2013 Temps assez froid sur les reliefs, l\u2019Oriental, le Sud-Est et les plateaux de phosphates avec gel\u00e9e locale la nuit et la matin\u00e9e. \u2013 Nuages bas assez denses avec formations brumeuses par endroits sur les plaines atlantiques Nord et Centre et le Saiss. \u2013 Ciel passag\u00e8rement nuageux sur l\u2019extr\u00eame Sud avec quelques ond\u00e9es locales. \u2013 [&hellip;]<\/p>\n","protected":false},"author":1788,"featured_media":0,"comment_status":"closed","ping_status":"closed","sticky":false,"template":"","format":"standard","meta":{"fifu_image_url":"http:\/\/www.mapmarrakech.ma\/map\/uploads\/2021\/10\/m\u00e9t\u00e9o.jpg","fifu_image_alt":"Pr\u00e9visions m\u00e9t\u00e9orologiques pour le vendredi 12 novembre","footnotes":""},"categories":[54,76],"tags":[],"class_list":["post-132606","post","type-post","status-publish","format-standard","hentry","category-maroc","category-regions"],"_links":{"self":[{"href":"https:\/\/linitiative.ca\/International\/wp-json\/wp\/v2\/posts\/132606","targetHints":{"allow":["GET"]}}],"collection":[{"href":"https:\/\/linitiative.ca\/International\/wp-json\/wp\/v2\/posts"}],"about":[{"href":"https:\/\/linitiative.ca\/International\/wp-json\/wp\/v2\/types\/post"}],"author":[{"embeddable":true,"href":"https:\/\/linitiative.ca\/International\/wp-json\/wp\/v2\/users\/1788"}],"replies":[{"embeddable":true,"href":"https:\/\/linitiative.ca\/International\/wp-json\/wp\/v2\/comments?post=132606"}],"version-history":[{"count":0,"href":"https:\/\/linitiative.ca\/International\/wp-json\/wp\/v2\/posts\/132606\/revisions"}],"wp:attachment":[{"href":"https:\/\/linitiative.ca\/International\/wp-json\/wp\/v2\/media?parent=132606"}],"wp:term":[{"taxonomy":"category","embeddable":true,"href":"https:\/\/linitiative.ca\/International\/wp-json\/wp\/v2\/categories?post=132606"},{"taxonomy":"post_tag","embeddable":true,"href":"https:\/\/linitiative.ca\/International\/wp-json\/wp\/v2\/tags?post=132606"}],"curies":[{"name":"wp","href":"https:\/\/api.w.org\/{rel}","templated":true}]}}