{"id":132608,"date":"2021-11-11T11:04:02","date_gmt":"2021-11-11T16:04:02","guid":{"rendered":"https:\/\/linitiative.ca\/International\/le-maroc-place-la-promotion-de-lentrepreneuriat-en-priorite-nationale\/"},"modified":"2021-11-11T11:04:02","modified_gmt":"2021-11-11T16:04:02","slug":"le-maroc-place-la-promotion-de-lentrepreneuriat-en-priorite-nationale","status":"publish","type":"post","link":"https:\/\/linitiative.ca\/International\/le-maroc-place-la-promotion-de-lentrepreneuriat-en-priorite-nationale\/","title":{"rendered":"Le Maroc place la promotion de l\u2019entrepreneuriat en priorit\u00e9 nationale"},"content":{"rendered":"<div>\n<div style=\"margin-bottom:20px;\"><img loading=\"lazy\" decoding=\"async\" width=\"750\" height=\"430\" src=\"https:\/\/linitiative.ca\/International\/wp-content\/uploads\/sites\/23\/2021\/11\/M.-Younes-Skouri-Ministre-de-lInteCC81gration-Economique.jpg\" class=\"attachment-post-thumbnail size-post-thumbnail wp-post-image\" alt=\"\" srcset=\"https:\/\/linitiative.ca\/International\/wp-content\/uploads\/sites\/23\/2021\/11\/M.-Younes-Skouri-Ministre-de-lInteCC81gration-Economique.jpg 750w, http:\/\/www.mapmarrakech.ma\/map\/uploads\/2021\/11\/M.-Younes-Skouri-Ministre-de-lInte\u0301gration-Economique-300x172.jpg 300w\" sizes=\"auto, (max-width: 750px) 100vw, 750px\"><\/div>\n<p>M.Sekkouri, qui intervenait \u00e0 l\u2019ouverture du premier Salon Virtuel de l\u2019Entreprenariat et de la Petite Entreprise \u00ab\u00a0CRI Entrepreneurship Expo\u00a0\u00bb, initi\u00e9 par le Conseil R\u00e9gional d\u2019Investissement (CRI) Marrakech- Safi, a relev\u00e9 que le gouvernement a plac\u00e9 cette question au c\u0153ur de ses pr\u00e9occupations et de grandes initiatives vont \u00eatre lanc\u00e9es incessamment.<\/p>\n<p>Dans ce contexte, il a fait remarquer que le Nouveau Mod\u00e8le de D\u00e9veloppement (NMD) positionne l\u2019acte d\u2019entreprendre au centre du d\u00e9veloppement souhait\u00e9 par le Royaume, sous la conduite \u00e9clair\u00e9e de Sa Majest\u00e9 le Roi Mohammed VI.<\/p>\n<p>\u00ab\u00a0La voie marocaine pour le d\u00e9veloppement se veut entrepreneuriale, lib\u00e9ratrice d\u2019\u00e9nergie, \u00e9galitaire (au sens genre) et soci\u00e9tale au-del\u00e0 m\u00eame de la seule dimension de la croissance et du d\u00e9veloppement \u00e9conomique proprement dit\u00a0\u00bb, a expliqu\u00e9 le ministre, notant que l\u2019objectif \u00e9tant de \u00ab\u00a0contribuer \u00e0 propulser notre pays dans beaucoup de domaines dans le tiers sup\u00e9rieur des diff\u00e9rents classements mondiaux des nations d\u2019ici 2035\u00a0\u00bb.<\/p>\n<p>S\u2019agissant du Nouveau Mod\u00e8le de D\u00e9veloppement, M. Sekkouri a relev\u00e9 qu\u2019il s\u2019agit d\u2019un mod\u00e8le d\u2019intelligence collective qui r\u00e9sulte d\u2019une d\u00e9marche participative \u00e9labor\u00e9e par et pour les Marocains.<\/p>\n<p>\u00ab\u00a0Il s\u2019agit d\u2019une restitution de citoyens qui ont formul\u00e9 de mani\u00e8re simple et en m\u00eame temps recherch\u00e9e, leurs visions du Maroc de demain\u00a0\u00bb, a-t-il dit, relevant que le NMD ambitionne d\u2019inscrire le Maroc dans une dynamique de d\u00e9veloppement soutenu conform\u00e9ment aux Hautes Orientations de Sa Majest\u00e9 le Roi Mohammed VI.<\/p>\n<p>Pour ce faire, a-t-il poursuivi, le Maroc devra aller vers un rythme de croissance fort sans aucune forme d\u2019exclusion, ce qui implique la cr\u00e9ation d\u2019une capacit\u00e9 \u00e0 soutenir tous les pans de la soci\u00e9t\u00e9 mais surtout, toutes les opportunit\u00e9s entrepreneuriales cr\u00e9atrices de valeur socio\u00e9conomique, proposer une offre d\u2019accompagnement int\u00e9gr\u00e9e \u00e0 toute personne souhaitant entreprendre, conceptualiser et mettre en place des \u00e9cosyst\u00e8mes d\u2019accompagnement r\u00e9gionaux innovants et performants dans un contexte de relance post Covid-19.<\/p>\n<p>Dans ce sens, M. Sekkouri a estim\u00e9 n\u00e9cessaire d\u2019inculquer l\u2019esprit d\u2019entreprenariat d\u2019abord \u00e0 l\u2019\u00e9cole, de transiter par des structures d\u2019incubation, de soutenir les phases de post-cr\u00e9ation et d\u2019aller vers les porteurs de projets pour les sensibiliser et les informer des m\u00e9canismes d\u2019appui existants, et d\u2019identifier leurs besoins pour faire en sorte que les politiques publiques les impactent dans leur processus entrepreneurial, a-t-il insist\u00e9.<\/p>\n<p>Concernant ce Salon Virtuel de l\u2019Entreprenariat, M. Sekkouri, a relev\u00e9 que son D\u00e9partement encourage ce genre d\u2019initiatives qui permet de rapprocher les entrepreneurs, des offres de financement et d\u2019accompagnement et de les faire b\u00e9n\u00e9ficier de formations, tout en partageant des exp\u00e9riences de r\u00e9ussite dans l\u2019entrepreneuriat.<\/p>\n<p>Cet \u00e9v\u00e9nement socio\u00e9conomique permet aussi de mettre en valeur le r\u00f4le pionnier des efforts importants de la r\u00e9gion Marrakech-Safi pour la f\u00e9d\u00e9ration des parties prenantes autour de la probl\u00e9matique de la promotion de l\u2019entrepreneuriat qui est au c\u0153ur du NMD, a-t-il enchain\u00e9.<\/p>\n<p>De son c\u00f4t\u00e9, le wali de la r\u00e9gion Marrakech-Safi, gouverneur de la pr\u00e9fecture de Marrakech, M. Karim-Kassi-Lahlou, a fait savoir que l\u2019entrepreneuriat est au c\u0153ur du Nouveau Mod\u00e8le de D\u00e9veloppement voulu et initi\u00e9 par Sa Majest\u00e9 le Roi Mohammed VI, qui met l\u2019accent sur la n\u00e9cessit\u00e9 de favoriser l\u2019initiative entrepreneuriale et les inclusions \u00e9conomiques, notamment des jeunes afin de lib\u00e9rer toutes leurs \u00e9nergies et permettre \u00e0 leur cr\u00e9ativit\u00e9 de s\u2019exprimer dans tous les domaines.<\/p>\n<p>\u00ab\u00a0L\u2019entrepreneuriat est \u00e9galement au c\u0153ur de la r\u00e9gion Marrakech-Safi\u00a0\u00bb, a-t-il ajout\u00e9, relevant que cet esprit entrepreneurial a montr\u00e9 toute sa r\u00e9silience pendant cette crise sanitaire et montr\u00e9 le talent des hommes et femmes dans la relance et la r\u00e9invention de l\u2019\u00e9conomie de demain.<\/p>\n<p>Dans ce cadre, M. Kassi-Lahlou, a mis l\u2019accent sur les programmes pilotes et pr\u00e9curseurs de grande envergure, lanc\u00e9s dans tout le territoire de la r\u00e9gion afin de faire \u00e9merger un v\u00e9ritable entrepreneuriat.<\/p>\n<p>\u00ab\u00a0La r\u00e9gion Marrakech-Safi a un ambitieux programme d\u2019insertion \u00e9conomique des jeunes, en partenariat avec le minist\u00e8re de l\u2019inclusion \u00e9conomique, et de l\u2019Initiative Nationale pour le D\u00e9veloppement Humain (INDH), et la participation active de la Banque mondiale\u00a0\u00bb, a fait savoir le wali, pr\u00e9cisant que ce programme se propose d\u2019accompagner des milliers de jeunes en vue de leur insertion \u00e9conomique que ce soit par la formation, l\u2019emploi ou l\u2019entrepreneuriat.<\/p>\n<p>Dans le m\u00eame sillage, il a indiqu\u00e9 que des centres d\u2019accompagnement des jeunes entrepreneurs sont mis en place et commenceront \u00e0 recevoir dans quelques semaines les jeunes de toute la r\u00e9gion, en plus de deux unit\u00e9s mobiles qui sillonneront la r\u00e9gion pour aller \u00e0 la rencontre des jeunes entrepreneurs issus des milieux rural et urbain.<\/p>\n<p>D\u2019autres initiatives, qui sont port\u00e9es par la r\u00e9gion, permettront de renforcer prochainement l\u2019infrastructure d\u2019accueil des investissements et des investisseurs, dont la r\u00e9alisation de parcs technologiques, de zones logistiques \u00e0 travers cette partie du territoire national. \u00ab\u00a0Ces projets qui verront le jour d\u00e8s l\u2019ann\u00e9e prochaine, permettront d\u2019am\u00e9liorer l\u2019attractivit\u00e9 \u00e9conomique de notre r\u00e9gion\u00a0\u00bb, a-t-il expliqu\u00e9.<\/p>\n<p>Et M. Kassi-Lahlou de conclure que l\u2019organisation de ce Salon d\u00e9montre l\u2019importance accord\u00e9e par l\u2019ensemble des acteurs publics et priv\u00e9s, \u00e0 l\u2019entrepreneuriat.<\/p>\n<p>\u00c9tal\u00e9 sur deux jours, le premier Salon 100% virtuel de l\u2019entreprenariat et de la petite entreprise \u00ab\u00a0CRI Entrepreneurship Expo\u00a0\u00bb permet aux entrepreneurs et porteurs de projet de d\u00e9couvrir toutes les solutions de financement et d\u2019accompagnement offertes par les 55 exposants pr\u00e9sents.<\/p>\n<p>Lors de ce salon, un parterre de personnalit\u00e9s r\u00e9gionales, nationales et internationales interviendront en tant que mod\u00e8les de r\u00e9ussite dans le monde de l\u2019entreprenariat, dans divers secteurs d\u2019activit\u00e9s, afin de pr\u00e9senter les facteurs de r\u00e9ussite de leur parcours, et offrir aux jeunes entrepreneurs des recommandations sur les crit\u00e8res indispensables pour relever et r\u00e9ussir le d\u00e9fi entrepreneurial.<\/p>\n<p>Le Salon abrite des stands d\u2019exposition, mais aussi des tables rondes et des ateliers th\u00e9matiques s\u2019articulant autour des questions de financement, de formation et d\u2019accompagnement, anim\u00e9s par des professionnels de cet \u00e9cosyst\u00e8me et des d\u00e9cideurs nationaux.<\/p>\n<p>Ce rendez-vous \u00e9conomique permet ainsi \u00e0 chaque entrepreneur de prendre rendez-vous en ligne, aupr\u00e8s des banques et institutions publiques, responsables du d\u00e9veloppement entrepreneurial et social repr\u00e9sent\u00e9s, afin de leur soumettre le dossier de son projet et de b\u00e9n\u00e9ficier, ainsi, des r\u00e9ponses et r\u00e9solutions de toute question ou \u00e9l\u00e9ment majeur indispensable \u00e0 la r\u00e9alisation de son projet.<\/p>\n<p>Les ateliers th\u00e9matiques s\u2019articuleront autour de th\u00e9matiques principales \u00e0 savoir : \u00ab\u00a0Comment se lancer dans le monde de l\u2019entreprenariat\u00a0\u00bb, \u00ab\u00a0les Soft-skills\u00a0\u00bb, \u00ab\u00a0le financement et juridique\u00a0\u00bb, \u00ab\u00a0le Design- thinking\u00a0\u00bb, \u00ab\u00a0la digitalisation et e-commerce\u00a0\u00bb, et \u00ab\u00a0le commerce et distribution\u00a0\u00bb.<\/p>\n<p>The post <a rel=\"nofollow\" href=\"http:\/\/www.mapmarrakech.ma\/fr\/le-maroc-place-la-promotion-de-lentrepreneuriat-en-priorite-nationale\/\">Le Maroc place la promotion de l\u2019entrepreneuriat en priorit\u00e9 nationale<\/a> appeared first on <a rel=\"nofollow\" href=\"http:\/\/www.mapmarrakech.ma\/fr\">MapMarrakech<\/a>.<\/p>\n<\/div>\n<p>Auteur: Meriem IGASS<br \/>\n<a href=\"http:\/\/www.mapmarrakech.ma\/fr\/le-maroc-place-la-promotion-de-lentrepreneuriat-en-priorite-nationale\/\">Cliquez ici pour lire l&rsquo;article depuis sa source.<\/a><\/p>\n","protected":false},"excerpt":{"rendered":"<p>M.Sekkouri, qui intervenait \u00e0 l\u2019ouverture du premier Salon Virtuel de l\u2019Entreprenariat et de la Petite Entreprise \u00ab\u00a0CRI Entrepreneurship Expo\u00a0\u00bb, initi\u00e9 par le Conseil R\u00e9gional d\u2019Investissement (CRI) Marrakech- Safi, a relev\u00e9 que le gouvernement a plac\u00e9 cette question au c\u0153ur de ses pr\u00e9occupations et de grandes initiatives vont \u00eatre lanc\u00e9es incessamment. Dans ce contexte, il a [&hellip;]<\/p>\n","protected":false},"author":1788,"featured_media":0,"comment_status":"closed","ping_status":"closed","sticky":false,"template":"","format":"standard","meta":{"fifu_image_url":"http:\/\/www.mapmarrakech.ma\/map\/uploads\/2021\/11\/M.-Younes-Skouri-Ministre-de-lInte\u0301gration-Economique.jpg","fifu_image_alt":"Le Maroc place la promotion de l\u2019entrepreneuriat en priorit\u00e9 nationale","footnotes":""},"categories":[54,76],"tags":[],"class_list":["post-132608","post","type-post","status-publish","format-standard","hentry","category-maroc","category-regions"],"_links":{"self":[{"href":"https:\/\/linitiative.ca\/International\/wp-json\/wp\/v2\/posts\/132608","targetHints":{"allow":["GET"]}}],"collection":[{"href":"https:\/\/linitiative.ca\/International\/wp-json\/wp\/v2\/posts"}],"about":[{"href":"https:\/\/linitiative.ca\/International\/wp-json\/wp\/v2\/types\/post"}],"author":[{"embeddable":true,"href":"https:\/\/linitiative.ca\/International\/wp-json\/wp\/v2\/users\/1788"}],"replies":[{"embeddable":true,"href":"https:\/\/linitiative.ca\/International\/wp-json\/wp\/v2\/comments?post=132608"}],"version-history":[{"count":0,"href":"https:\/\/linitiative.ca\/International\/wp-json\/wp\/v2\/posts\/132608\/revisions"}],"wp:attachment":[{"href":"https:\/\/linitiative.ca\/International\/wp-json\/wp\/v2\/media?parent=132608"}],"wp:term":[{"taxonomy":"category","embeddable":true,"href":"https:\/\/linitiative.ca\/International\/wp-json\/wp\/v2\/categories?post=132608"},{"taxonomy":"post_tag","embeddable":true,"href":"https:\/\/linitiative.ca\/International\/wp-json\/wp\/v2\/tags?post=132608"}],"curies":[{"name":"wp","href":"https:\/\/api.w.org\/{rel}","templated":true}]}}