{"id":132621,"date":"2021-11-11T05:33:00","date_gmt":"2021-11-11T10:33:00","guid":{"rendered":"https:\/\/linitiative.ca\/International\/valbuena-a-un-regret-concernant-benzema\/"},"modified":"2021-11-11T05:33:00","modified_gmt":"2021-11-11T10:33:00","slug":"valbuena-a-un-regret-concernant-benzema","status":"publish","type":"post","link":"https:\/\/linitiative.ca\/International\/valbuena-a-un-regret-concernant-benzema\/","title":{"rendered":"Valbuena a un regret concernant Benzema"},"content":{"rendered":"<div>Dans l&rsquo;affaire de la sextape, Mathieu Valbuena assure qu&rsquo;il aurait renonc\u00e9 \u00e0 porter plainte s&rsquo;il avait su que Benzema serait impliqu\u00e9<\/div>\n<p>Auteur:<br \/>\n<a href=\"https:\/\/www.lebuteur.com\/article\/detail?titre=valbuena-a-un-regret-concernant-benzema&#038;id=101533\">Cliquez ici pour lire l&rsquo;article depuis sa source.<\/a><\/p>\n","protected":false},"excerpt":{"rendered":"<p>Dans l&rsquo;affaire de la sextape, Mathieu Valbuena assure qu&rsquo;il aurait renonc\u00e9 \u00e0 porter plainte s&rsquo;il avait su que Benzema serait impliqu\u00e9 Auteur: Cliquez ici pour lire l&rsquo;article depuis sa source.<\/p>\n","protected":false},"author":1738,"featured_media":0,"comment_status":"closed","ping_status":"closed","sticky":false,"template":"","format":"standard","meta":{"fifu_image_url":"","fifu_image_alt":"","footnotes":""},"categories":[53,75],"tags":[],"class_list":["post-132621","post","type-post","status-publish","format-standard","hentry","category-algerie","category-sport"],"_links":{"self":[{"href":"https:\/\/linitiative.ca\/International\/wp-json\/wp\/v2\/posts\/132621","targetHints":{"allow":["GET"]}}],"collection":[{"href":"https:\/\/linitiative.ca\/International\/wp-json\/wp\/v2\/posts"}],"about":[{"href":"https:\/\/linitiative.ca\/International\/wp-json\/wp\/v2\/types\/post"}],"author":[{"embeddable":true,"href":"https:\/\/linitiative.ca\/International\/wp-json\/wp\/v2\/users\/1738"}],"replies":[{"embeddable":true,"href":"https:\/\/linitiative.ca\/International\/wp-json\/wp\/v2\/comments?post=132621"}],"version-history":[{"count":0,"href":"https:\/\/linitiative.ca\/International\/wp-json\/wp\/v2\/posts\/132621\/revisions"}],"wp:attachment":[{"href":"https:\/\/linitiative.ca\/International\/wp-json\/wp\/v2\/media?parent=132621"}],"wp:term":[{"taxonomy":"category","embeddable":true,"href":"https:\/\/linitiative.ca\/International\/wp-json\/wp\/v2\/categories?post=132621"},{"taxonomy":"post_tag","embeddable":true,"href":"https:\/\/linitiative.ca\/International\/wp-json\/wp\/v2\/tags?post=132621"}],"curies":[{"name":"wp","href":"https:\/\/api.w.org\/{rel}","templated":true}]}}