{"id":132634,"date":"2021-11-11T17:05:11","date_gmt":"2021-11-11T22:05:11","guid":{"rendered":"https:\/\/linitiative.ca\/International\/tunisie-un-decret-loi-reprimant-la-violence-dans-les-etablissements-scolaires-faisabilite-et-efficacite\/"},"modified":"2021-11-11T17:05:11","modified_gmt":"2021-11-11T22:05:11","slug":"tunisie-un-decret-loi-reprimant-la-violence-dans-les-etablissements-scolaires-faisabilite-et-efficacite","status":"publish","type":"post","link":"https:\/\/linitiative.ca\/International\/tunisie-un-decret-loi-reprimant-la-violence-dans-les-etablissements-scolaires-faisabilite-et-efficacite\/","title":{"rendered":"Tunisie &#8211; Un d\u00e9cret-loi r\u00e9primant la violence dans les \u00e9tablissements scolaires: Faisabilit\u00e9 et efficacit\u00e9 ?"},"content":{"rendered":"<div><img decoding=\"async\" src=\"https:\/\/linitiative.ca\/International\/wp-content\/uploads\/sites\/23\/2021\/11\/1636560449_article.jpg\" alt=\"Un d\u00e9cret-loi r\u00e9primant la violence dans les \u00e9tablissements scolaires: Faisabilit\u00e9 et efficacit\u00e9 ?\" align=\"left\">Par Najet Brahmi Zouaoui<\/p>\n<p>1- Un nouveau rendez-vous avec la violence en Tunisie ! L\u2019acte de violence commis lundi 8 novembre 2021 en apr\u00e8s-midi au Lyc\u00e9e Ibn Rachik Ezzahra est loin de laisser insensible. Il ferait figure d\u2019un sacril\u00e8ge de l\u2019\u00e9tablissement scolaire. Un \u00e9l\u00e8ve de 17 ans aura tent\u00e9 de tuer son professeur d\u2018histoire et de g\u00e9ographie au vu et su des \u00e9l\u00e8ves. Le ou les instruments utilis\u00e9s s\u2019apparentent aux mat\u00e9riaux utilis\u00e9s dans les boucheries : Un couteau et un couperet !<br \/>\n2- Au bilan de cet acte, un professeur gravement atteint, une enqu\u00eate d\u00e9clench\u00e9e et un \u00e9l\u00e8ve arr\u00eat\u00e9. Dans L\u2019espace public, les r\u00e9actions sont diverses. Une indignation &#8230;<\/p>\n<\/div>\n<p>Auteur:<br \/>\n<a href=\"https:\/\/www.leaders.com.tn\/article\/32639-un-decret-loi-reprimant-la-violence-dans-les-etablissements-scolaires-faisabilite-et-efficacite\">Cliquez ici pour lire l&rsquo;article depuis sa source.<\/a><\/p>\n","protected":false},"excerpt":{"rendered":"<p>Par Najet Brahmi Zouaoui 1- Un nouveau rendez-vous avec la violence en Tunisie ! L\u2019acte de violence commis lundi 8 novembre 2021 en apr\u00e8s-midi au Lyc\u00e9e Ibn Rachik Ezzahra est loin de laisser insensible. Il ferait figure d\u2019un sacril\u00e8ge de l\u2019\u00e9tablissement scolaire. Un \u00e9l\u00e8ve de 17 ans aura tent\u00e9 de tuer son professeur d\u2018histoire et [&hellip;]<\/p>\n","protected":false},"author":1772,"featured_media":0,"comment_status":"closed","ping_status":"closed","sticky":false,"template":"","format":"standard","meta":{"fifu_image_url":"http:\/\/www.leaders.com.tn\/uploads\/content\/thumbnails_small\/1636560449_article.jpg","fifu_image_alt":"Tunisie - Un d\u00e9cret-loi r\u00e9primant la violence dans les \u00e9tablissements scolaires: Faisabilit\u00e9 et efficacit\u00e9 ?","footnotes":""},"categories":[73,55],"tags":[],"class_list":["post-132634","post","type-post","status-publish","format-standard","hentry","category-actualite","category-tunisie"],"_links":{"self":[{"href":"https:\/\/linitiative.ca\/International\/wp-json\/wp\/v2\/posts\/132634","targetHints":{"allow":["GET"]}}],"collection":[{"href":"https:\/\/linitiative.ca\/International\/wp-json\/wp\/v2\/posts"}],"about":[{"href":"https:\/\/linitiative.ca\/International\/wp-json\/wp\/v2\/types\/post"}],"author":[{"embeddable":true,"href":"https:\/\/linitiative.ca\/International\/wp-json\/wp\/v2\/users\/1772"}],"replies":[{"embeddable":true,"href":"https:\/\/linitiative.ca\/International\/wp-json\/wp\/v2\/comments?post=132634"}],"version-history":[{"count":0,"href":"https:\/\/linitiative.ca\/International\/wp-json\/wp\/v2\/posts\/132634\/revisions"}],"wp:attachment":[{"href":"https:\/\/linitiative.ca\/International\/wp-json\/wp\/v2\/media?parent=132634"}],"wp:term":[{"taxonomy":"category","embeddable":true,"href":"https:\/\/linitiative.ca\/International\/wp-json\/wp\/v2\/categories?post=132634"},{"taxonomy":"post_tag","embeddable":true,"href":"https:\/\/linitiative.ca\/International\/wp-json\/wp\/v2\/tags?post=132634"}],"curies":[{"name":"wp","href":"https:\/\/api.w.org\/{rel}","templated":true}]}}