{"id":132647,"date":"2021-11-11T12:33:47","date_gmt":"2021-11-11T17:33:47","guid":{"rendered":"https:\/\/linitiative.ca\/International\/le-maroc-un-pays-debout-par-jamal-berraoui\/"},"modified":"2021-11-11T12:33:47","modified_gmt":"2021-11-11T17:33:47","slug":"le-maroc-un-pays-debout-par-jamal-berraoui","status":"publish","type":"post","link":"https:\/\/linitiative.ca\/International\/le-maroc-un-pays-debout-par-jamal-berraoui\/","title":{"rendered":"Le Maroc, un pays debout [Par Jamal Berraoui]"},"content":{"rendered":"<div><img decoding=\"async\" width=\"599\" height=\"402\" src=\"https:\/\/linitiative.ca\/International\/wp-content\/uploads\/sites\/23\/2021\/11\/maroc.png\" class=\"attachment-post-thumbnail size-post-thumbnail wp-post-image\" alt=\"\" loading=\"lazy\" srcset=\"https:\/\/linitiative.ca\/International\/wp-content\/uploads\/sites\/23\/2021\/11\/maroc.png 599w, https:\/\/www.challenge.ma\/wp-content\/uploads\/2021\/11\/maroc-300x201.png 300w, https:\/\/www.challenge.ma\/wp-content\/uploads\/2021\/11\/maroc-360x242.png 360w\" sizes=\"auto, (max-width: 599px) 100vw, 599px\" itemprop=\"image\">Il est facile de traiter l\u2019attachement des Marocains \u00e0 l\u2019histoire de \u00ab\u00a0narcissisme historique\u00a0\u00bb, ou pire, de \u00ab\u00a0nationalisme exacerb\u00e9\u00a0\u00bb. Ce n\u2019est ni l\u2019un, ni l\u2019autre. Les comm\u00e9morations peuvent \u00eatre instrumentalis\u00e9es, c\u2019est un fait, mais elles rassurent sur le devenir commun. La bataille de Oued El Makhazine, n\u2019est pas importante parce que<\/div>\n<p>Auteur: Jamal Berraoui<br \/>\n<a href=\"https:\/\/www.challenge.ma\/le-maroc-un-pays-debout-par-jamal-berraoui-225853\/\">Cliquez ici pour lire l&rsquo;article depuis sa source.<\/a><\/p>\n","protected":false},"excerpt":{"rendered":"<p>Il est facile de traiter l\u2019attachement des Marocains \u00e0 l\u2019histoire de \u00ab\u00a0narcissisme historique\u00a0\u00bb, ou pire, de \u00ab\u00a0nationalisme exacerb\u00e9\u00a0\u00bb. Ce n\u2019est ni l\u2019un, ni l\u2019autre. Les comm\u00e9morations peuvent \u00eatre instrumentalis\u00e9es, c\u2019est un fait, mais elles rassurent sur le devenir commun. La bataille de Oued El Makhazine, n\u2019est pas importante parce que Auteur: Jamal Berraoui Cliquez ici [&hellip;]<\/p>\n","protected":false},"author":1787,"featured_media":0,"comment_status":"closed","ping_status":"closed","sticky":false,"template":"","format":"standard","meta":{"fifu_image_url":"https:\/\/www.challenge.ma\/wp-content\/uploads\/2021\/11\/maroc.png","fifu_image_alt":"Le Maroc, un pays debout [Par Jamal Berraoui]","footnotes":""},"categories":[78,54],"tags":[],"class_list":["post-132647","post","type-post","status-publish","format-standard","hentry","category-economie","category-maroc"],"_links":{"self":[{"href":"https:\/\/linitiative.ca\/International\/wp-json\/wp\/v2\/posts\/132647","targetHints":{"allow":["GET"]}}],"collection":[{"href":"https:\/\/linitiative.ca\/International\/wp-json\/wp\/v2\/posts"}],"about":[{"href":"https:\/\/linitiative.ca\/International\/wp-json\/wp\/v2\/types\/post"}],"author":[{"embeddable":true,"href":"https:\/\/linitiative.ca\/International\/wp-json\/wp\/v2\/users\/1787"}],"replies":[{"embeddable":true,"href":"https:\/\/linitiative.ca\/International\/wp-json\/wp\/v2\/comments?post=132647"}],"version-history":[{"count":0,"href":"https:\/\/linitiative.ca\/International\/wp-json\/wp\/v2\/posts\/132647\/revisions"}],"wp:attachment":[{"href":"https:\/\/linitiative.ca\/International\/wp-json\/wp\/v2\/media?parent=132647"}],"wp:term":[{"taxonomy":"category","embeddable":true,"href":"https:\/\/linitiative.ca\/International\/wp-json\/wp\/v2\/categories?post=132647"},{"taxonomy":"post_tag","embeddable":true,"href":"https:\/\/linitiative.ca\/International\/wp-json\/wp\/v2\/tags?post=132647"}],"curies":[{"name":"wp","href":"https:\/\/api.w.org\/{rel}","templated":true}]}}