{"id":132664,"date":"2021-11-11T14:55:40","date_gmt":"2021-11-11T19:55:40","guid":{"rendered":"https:\/\/linitiative.ca\/International\/revocation-du-depute-issa-kaou-ndjim-du-cnt\/"},"modified":"2021-11-11T14:55:40","modified_gmt":"2021-11-11T19:55:40","slug":"revocation-du-depute-issa-kaou-ndjim-du-cnt","status":"publish","type":"post","link":"https:\/\/linitiative.ca\/International\/revocation-du-depute-issa-kaou-ndjim-du-cnt\/","title":{"rendered":"REVOCATION DU DEPUTE ISSA KAOU N\u2019DJIM, DU CNT"},"content":{"rendered":"<div>\n<p><img decoding=\"async\" width=\"700\" height=\"394\" src=\"https:\/\/linitiative.ca\/International\/wp-content\/uploads\/sites\/23\/2021\/11\/Moussa-ndjim-1.jpg\" class=\"attachment- size- wp-post-image\" alt=\"\" loading=\"lazy\" style=\"float:left; margin:0 15px 15px 0;\" srcset=\"https:\/\/linitiative.ca\/International\/wp-content\/uploads\/sites\/23\/2021\/11\/Moussa-ndjim-1.jpg 700w, https:\/\/lepays.bf\/wp-content\/uploads\/2021\/11\/Moussa-ndjim-1-300x169.jpg 300w, https:\/\/lepays.bf\/wp-content\/uploads\/2021\/11\/Moussa-ndjim-1-390x220.jpg 390w\" sizes=\"auto, (max-width: 700px) 100vw, 700px\">Issa Kaou N\u2019Djim, quatri\u00e8me vice-pr\u00e9sident du\u00a0Conseil national de transition (CNT) du Mali, est d\u00e9sormais libre\u00a0; du moins, provisoirement. Poursuivi pour \u00ab\u00a0troubles \u00e0 l\u2019ordre public\u00a0\u00bb, l\u2019homme \u00e0 qui il \u00e9tait reproch\u00e9 de s\u2019attaquer r\u00e9guli\u00e8rement aux institutions de la R\u00e9publique malienne, et en particulier au Premier ministre Choguel Ma\u00efga, peut dire merci \u00e0 ses pairs du CNT \u2026<\/p>\n<p>L\u2019article <a rel=\"nofollow\" href=\"https:\/\/lepays.bf\/revocation-du-depute-issa-kaou-ndjim-du-cnt-2\/\">REVOCATION DU DEPUTE ISSA KAOU N\u2019DJIM, DU CNT<\/a> est apparu en premier sur <a rel=\"nofollow\" href=\"https:\/\/lepays.bf\/\">Editions Le Pays<\/a>.<\/p>\n<\/div>\n<p>Auteur: Editions LEPAYS<br \/>\n<a href=\"https:\/\/lepays.bf\/revocation-du-depute-issa-kaou-ndjim-du-cnt-2\/\">Cliquez ici pour lire l&rsquo;article depuis sa source.<\/a><\/p>\n","protected":false},"excerpt":{"rendered":"<p>Issa Kaou N\u2019Djim, quatri\u00e8me vice-pr\u00e9sident du\u00a0Conseil national de transition (CNT) du Mali, est d\u00e9sormais libre\u00a0; du moins, provisoirement. Poursuivi pour \u00ab\u00a0troubles \u00e0 l\u2019ordre public\u00a0\u00bb, l\u2019homme \u00e0 qui il \u00e9tait reproch\u00e9 de s\u2019attaquer r\u00e9guli\u00e8rement aux institutions de la R\u00e9publique malienne, et en particulier au Premier ministre Choguel Ma\u00efga, peut dire merci \u00e0 ses pairs du CNT [&hellip;]<\/p>\n","protected":false},"author":1813,"featured_media":0,"comment_status":"closed","ping_status":"closed","sticky":false,"template":"","format":"standard","meta":{"fifu_image_url":"https:\/\/lepays.bf\/wp-content\/uploads\/2021\/11\/Moussa-ndjim-1.jpg","fifu_image_alt":"REVOCATION DU DEPUTE ISSA KAOU N\u2019DJIM, DU CNT","footnotes":""},"categories":[73,81],"tags":[],"class_list":["post-132664","post","type-post","status-publish","format-standard","hentry","category-actualite","category-burkina-faso"],"_links":{"self":[{"href":"https:\/\/linitiative.ca\/International\/wp-json\/wp\/v2\/posts\/132664","targetHints":{"allow":["GET"]}}],"collection":[{"href":"https:\/\/linitiative.ca\/International\/wp-json\/wp\/v2\/posts"}],"about":[{"href":"https:\/\/linitiative.ca\/International\/wp-json\/wp\/v2\/types\/post"}],"author":[{"embeddable":true,"href":"https:\/\/linitiative.ca\/International\/wp-json\/wp\/v2\/users\/1813"}],"replies":[{"embeddable":true,"href":"https:\/\/linitiative.ca\/International\/wp-json\/wp\/v2\/comments?post=132664"}],"version-history":[{"count":0,"href":"https:\/\/linitiative.ca\/International\/wp-json\/wp\/v2\/posts\/132664\/revisions"}],"wp:attachment":[{"href":"https:\/\/linitiative.ca\/International\/wp-json\/wp\/v2\/media?parent=132664"}],"wp:term":[{"taxonomy":"category","embeddable":true,"href":"https:\/\/linitiative.ca\/International\/wp-json\/wp\/v2\/categories?post=132664"},{"taxonomy":"post_tag","embeddable":true,"href":"https:\/\/linitiative.ca\/International\/wp-json\/wp\/v2\/tags?post=132664"}],"curies":[{"name":"wp","href":"https:\/\/api.w.org\/{rel}","templated":true}]}}