{"id":132666,"date":"2021-11-11T14:58:46","date_gmt":"2021-11-11T19:58:46","guid":{"rendered":"https:\/\/linitiative.ca\/International\/conference-internationale-de-paris-sur-la-libye\/"},"modified":"2021-11-11T14:58:46","modified_gmt":"2021-11-11T19:58:46","slug":"conference-internationale-de-paris-sur-la-libye","status":"publish","type":"post","link":"https:\/\/linitiative.ca\/International\/conference-internationale-de-paris-sur-la-libye\/","title":{"rendered":"CONFERENCE INTERNATIONALE DE PARIS SUR LA LIBYE"},"content":{"rendered":"<div>\n<p><img decoding=\"async\" width=\"592\" height=\"296\" src=\"https:\/\/linitiative.ca\/International\/wp-content\/uploads\/sites\/23\/2021\/11\/LYBIE-1.jpg\" class=\"attachment- size- wp-post-image\" alt=\"\" loading=\"lazy\" style=\"float:left; margin:0 15px 15px 0;\" srcset=\"https:\/\/linitiative.ca\/International\/wp-content\/uploads\/sites\/23\/2021\/11\/LYBIE-1.jpg 592w, https:\/\/lepays.bf\/wp-content\/uploads\/2021\/11\/LYBIE-1-300x150.jpg 300w\" sizes=\"auto, (max-width: 592px) 100vw, 592px\">Paris, la capitale fran\u00e7aise, accueille aujourd\u2019hui, 12 novembre 2021, une conf\u00e9rence internationale sur la Libye. La France qui en a eu l\u2019initiative, a mis les petits plats dans les grands, pour que la voie conduisant \u00e0 la tenue des \u00e9lections l\u00e9gislatives et pr\u00e9sidentielle comme pr\u00e9vu en d\u00e9cembre prochain, soit d\u00e9barrass\u00e9e des \u00e9pines qui la jonchent. \u2026<\/p>\n<p>L\u2019article <a rel=\"nofollow\" href=\"https:\/\/lepays.bf\/conference-internationale-de-paris-sur-la-libye\/\">CONFERENCE INTERNATIONALE DE PARIS SUR LA LIBYE<\/a> est apparu en premier sur <a rel=\"nofollow\" href=\"https:\/\/lepays.bf\/\">Editions Le Pays<\/a>.<\/p>\n<\/div>\n<p>Auteur: Editions LEPAYS<br \/>\n<a href=\"https:\/\/lepays.bf\/conference-internationale-de-paris-sur-la-libye\/\">Cliquez ici pour lire l&rsquo;article depuis sa source.<\/a><\/p>\n","protected":false},"excerpt":{"rendered":"<p>Paris, la capitale fran\u00e7aise, accueille aujourd\u2019hui, 12 novembre 2021, une conf\u00e9rence internationale sur la Libye. La France qui en a eu l\u2019initiative, a mis les petits plats dans les grands, pour que la voie conduisant \u00e0 la tenue des \u00e9lections l\u00e9gislatives et pr\u00e9sidentielle comme pr\u00e9vu en d\u00e9cembre prochain, soit d\u00e9barrass\u00e9e des \u00e9pines qui la jonchent. [&hellip;]<\/p>\n","protected":false},"author":1813,"featured_media":0,"comment_status":"closed","ping_status":"closed","sticky":false,"template":"","format":"standard","meta":{"fifu_image_url":"https:\/\/lepays.bf\/wp-content\/uploads\/2021\/11\/LYBIE-1.jpg","fifu_image_alt":"CONFERENCE INTERNATIONALE DE PARIS SUR LA LIBYE","footnotes":""},"categories":[73,81],"tags":[],"class_list":["post-132666","post","type-post","status-publish","format-standard","hentry","category-actualite","category-burkina-faso"],"_links":{"self":[{"href":"https:\/\/linitiative.ca\/International\/wp-json\/wp\/v2\/posts\/132666","targetHints":{"allow":["GET"]}}],"collection":[{"href":"https:\/\/linitiative.ca\/International\/wp-json\/wp\/v2\/posts"}],"about":[{"href":"https:\/\/linitiative.ca\/International\/wp-json\/wp\/v2\/types\/post"}],"author":[{"embeddable":true,"href":"https:\/\/linitiative.ca\/International\/wp-json\/wp\/v2\/users\/1813"}],"replies":[{"embeddable":true,"href":"https:\/\/linitiative.ca\/International\/wp-json\/wp\/v2\/comments?post=132666"}],"version-history":[{"count":0,"href":"https:\/\/linitiative.ca\/International\/wp-json\/wp\/v2\/posts\/132666\/revisions"}],"wp:attachment":[{"href":"https:\/\/linitiative.ca\/International\/wp-json\/wp\/v2\/media?parent=132666"}],"wp:term":[{"taxonomy":"category","embeddable":true,"href":"https:\/\/linitiative.ca\/International\/wp-json\/wp\/v2\/categories?post=132666"},{"taxonomy":"post_tag","embeddable":true,"href":"https:\/\/linitiative.ca\/International\/wp-json\/wp\/v2\/tags?post=132666"}],"curies":[{"name":"wp","href":"https:\/\/api.w.org\/{rel}","templated":true}]}}