{"id":132668,"date":"2021-11-11T17:19:07","date_gmt":"2021-11-11T22:19:07","guid":{"rendered":"https:\/\/linitiative.ca\/International\/a-quand-le-baroud-dhonneur\/"},"modified":"2021-11-11T17:19:07","modified_gmt":"2021-11-11T22:19:07","slug":"a-quand-le-baroud-dhonneur","status":"publish","type":"post","link":"https:\/\/linitiative.ca\/International\/a-quand-le-baroud-dhonneur\/","title":{"rendered":"A quand le baroud d\u2019honneur ?"},"content":{"rendered":"<div>\n<p>Sous le tumulte des eaux troubles gisent la gangue des p\u00e9pites<\/p>\n<p>Sous les pieds nus des damn\u00e9s d\u00e9pourvus de revenu un filon habite<\/p>\n<p>Dans la savane au pelage tann\u00e9, se pavanent de naus\u00e9abonds vagabonds<\/p>\n<p>Venus de loin, sans foin, ils bivouaquent aux quatre coins de l\u2019horizon<\/p>\n<p>Sous le drap de l\u2019ami aux dents jaunes, sourit la souris qui mord en soufflant<\/p>\n<p>Derri\u00e8re l\u2019ennemi d\u2019en face, il y a un fr\u00e8re de sang qui fait saigner \u00e0 blanc<\/p>\n<p>La patrie de nos idol\u00e2tries n\u2019est plus le dernier rempart de la fratrie meurtrie<\/p>\n<p>Les bastions de la nation en b\u00e9ton s\u2019effritent sous le poids de l\u2019honneur fl\u00e9tri<\/p>\n<p>La victoire se conjugue sans gloire au futur avec l\u2019armure de la rh\u00e9torique<\/p>\n<p>La tribu jet\u00e9e en p\u00e2ture paie son tribut \u00e0 la nature pour sa foi en l\u2019h\u00e9r\u00e9tique<\/p>\n<p>Comme le messie de la proph\u00e9tie, No\u00e9 arrive \u00e0 la nage sans bou\u00e9e de sauvetage<\/p>\n<p>Le destin des hommes est accroch\u00e9 \u00e0 un fil entre les lames aiguis\u00e9es de l\u2019abattage<\/p>\n<p>Seuls les funambules aguerris seront d\u2019aplomb sur la corde de la travers\u00e9e qui tangue<\/p>\n<p>Tant pis pour les mouches qui tombent \u00e0 la ronde<\/p>\n<p>sous le souffle des frondes du gang<\/p>\n<p>Demain, Dieu, des cieux viendra nous sauver pour nos beaux yeux du spectre de l\u2019horreur<\/p>\n<p>Demain, nos anc\u00eatres porte-bonheur surgiront de nos illusions pour le baroud d\u2019honneur<\/p>\n<p style=\"text-align: right\"><strong>Cl\u00e9ment ZONGO<\/strong><\/p>\n<p style=\"text-align: right\">clmentzongo@yahoo.fr<\/p>\n<p>L\u2019article <a rel=\"nofollow\" href=\"https:\/\/www.sidwaya.info\/blog\/2021\/11\/11\/a-quand-le-baroud-dhonneur\/\">A quand le baroud d\u2019honneur ?<\/a> est apparu en premier sur <a rel=\"nofollow\" href=\"https:\/\/www.sidwaya.info\/\">Quotidien Sidwaya<\/a>.<\/p>\n<\/div>\n<p>Auteur: JK. Sidwaya<br \/>\n<a href=\"https:\/\/www.sidwaya.info\/blog\/2021\/11\/11\/a-quand-le-baroud-dhonneur\/\">Cliquez ici pour lire l&rsquo;article depuis sa source.<\/a><\/p>\n","protected":false},"excerpt":{"rendered":"<p>Sous le tumulte des eaux troubles gisent la gangue des p\u00e9pites Sous les pieds nus des damn\u00e9s d\u00e9pourvus de revenu un filon habite Dans la savane au pelage tann\u00e9, se pavanent de naus\u00e9abonds vagabonds Venus de loin, sans foin, ils bivouaquent aux quatre coins de l\u2019horizon Sous le drap de l\u2019ami aux dents jaunes, sourit [&hellip;]<\/p>\n","protected":false},"author":1816,"featured_media":0,"comment_status":"closed","ping_status":"closed","sticky":false,"template":"","format":"standard","meta":{"fifu_image_url":"","fifu_image_alt":"","footnotes":""},"categories":[73,81],"tags":[],"class_list":["post-132668","post","type-post","status-publish","format-standard","hentry","category-actualite","category-burkina-faso"],"_links":{"self":[{"href":"https:\/\/linitiative.ca\/International\/wp-json\/wp\/v2\/posts\/132668","targetHints":{"allow":["GET"]}}],"collection":[{"href":"https:\/\/linitiative.ca\/International\/wp-json\/wp\/v2\/posts"}],"about":[{"href":"https:\/\/linitiative.ca\/International\/wp-json\/wp\/v2\/types\/post"}],"author":[{"embeddable":true,"href":"https:\/\/linitiative.ca\/International\/wp-json\/wp\/v2\/users\/1816"}],"replies":[{"embeddable":true,"href":"https:\/\/linitiative.ca\/International\/wp-json\/wp\/v2\/comments?post=132668"}],"version-history":[{"count":0,"href":"https:\/\/linitiative.ca\/International\/wp-json\/wp\/v2\/posts\/132668\/revisions"}],"wp:attachment":[{"href":"https:\/\/linitiative.ca\/International\/wp-json\/wp\/v2\/media?parent=132668"}],"wp:term":[{"taxonomy":"category","embeddable":true,"href":"https:\/\/linitiative.ca\/International\/wp-json\/wp\/v2\/categories?post=132668"},{"taxonomy":"post_tag","embeddable":true,"href":"https:\/\/linitiative.ca\/International\/wp-json\/wp\/v2\/tags?post=132668"}],"curies":[{"name":"wp","href":"https:\/\/api.w.org\/{rel}","templated":true}]}}