{"id":132670,"date":"2021-11-11T17:30:05","date_gmt":"2021-11-11T22:30:05","guid":{"rendered":"https:\/\/linitiative.ca\/International\/proces-thomas-sankara-laudition-des-temoins-ce-lundi-15-novembre\/"},"modified":"2021-11-11T17:30:05","modified_gmt":"2021-11-11T22:30:05","slug":"proces-thomas-sankara-laudition-des-temoins-ce-lundi-15-novembre","status":"publish","type":"post","link":"https:\/\/linitiative.ca\/International\/proces-thomas-sankara-laudition-des-temoins-ce-lundi-15-novembre\/","title":{"rendered":"Proc\u00e8s Thomas Sankara : L\u2019audition des t\u00e9moins, ce lundi 15 novembre"},"content":{"rendered":"<div>\n<p><strong>L\u2019interrogatoire du g\u00e9n\u00e9ral de brigade Gilbert Diend\u00e9r\u00e9 dans le jugement du proc\u00e8s Thomas Sankara est provisoirement clos, ce jeudi 11 novembre 2021. Malgr\u00e9 les multiples questionnements et observations du parquet militaire, l\u2019accus\u00e9s, est rest\u00e9 serein et imperturbable, et clame toujours son innocence et affirme m\u00eame \u00eatre pr\u00eat pour le front. <\/strong><\/p>\n<p>L\u2019interrogatoire du g\u00e9n\u00e9ral Gilbert Diend\u00e9r\u00e9, qui est rest\u00e9 droit dans ses bottes, a pris fin au terme de l\u2019audience de ce jeudi 11 novembre 2021, en attendant les phases de confrontation. En effet, \u00e0 l\u2019ouverture du proc\u00e8s en cette matin\u00e9e du jeudi, le parquet militaire a \u2018\u2018 cuisin\u00e9 \u201d le pr\u00e9venu, et tent\u00e9 de d\u00e9montrer que l\u2019accus\u00e9 a \u00e9t\u00e9 un des pions ou complices de l\u2019assassinat du capitaine Thomas Sankara.<\/p>\n<p>Le parquet a d\u2019abord voulu \u00e9clairer sa lanterne sur les m\u00e9canismes qui ont conduit \u00e0 la fin subite de certaines unit\u00e9s militaires dont les chefs \u00e9taient bien acquis au pr\u00e9sident Sankara au soir du 15 octobre 1987. Il s\u2019agit de l\u2019ETIR bas\u00e9 \u00e0 Kamboins\u00e9, du BIA de Koudougou et de la FIMATS install\u00e9e \u00e0 Saaba. Ainsi, la procureure militaire, Pascaline Zoungrana, a affirm\u00e9 que le g\u00e9n\u00e9ral Gilbert Diend\u00e9r\u00e9, chef de corps adjoint du CNEC et responsable de la s\u00e9curit\u00e9 du Conseil de l\u2019entente, avait la pleine responsabilit\u00e9 de ses hommes qui ont ex\u00e9cut\u00e9 le chef de l\u2019Etat, Thomas Sankara et ses 12 compagnons.<\/p>\n<p>Car, selon elle, Blaise Compaor\u00e9 qui \u00e9tait le chef de corps \u00e9tait occup\u00e9 dans ses fonctions de ministre de la Justice, mieux, prenant le Gal Diend\u00e9r\u00e9 au mot, elle a fait savoir que Blaise Compaor\u00e9 \u00e9tait indispos\u00e9 puisque \u2018\u2018 malade \u201d, au moment des faits. Ainsi, toutes les responsabilit\u00e9s incombaient au chef de corps adjoint, a signifi\u00e9 la procureure. La preuve est que le g\u00e9n\u00e9ral Gilbert Diend\u00e9r\u00e9 a convoqu\u00e9 la r\u00e9union de 9 heures, le 15 octobre 1987 sans informer Blaise Compaor\u00e9, a-t-elle soulign\u00e9.<\/p>\n<p>Et il a aussi fait, a-t-elle poursuivi, venir un renfort de P\u00f4 de son propre chef. Dans l\u2019optique de mieux appr\u00e9hender l\u2019implication du g\u00e9n\u00e9ral dans cet assassinat et pour situer les responsabilit\u00e9s, le pr\u00e9sident du Tribunal a demand\u00e9 \u00e0 savoir quelles sont les limites impos\u00e9es \u00e0 un chef de corps adjoint par rapport au chef de corps? Pour la procureure militaire, les deux ont les m\u00eames attributions, car le chef de corps adjoint a la possibilit\u00e9 de prendre des d\u00e9cisions et rendre compte au chef sup\u00e9rieur comme cela s\u2019est pass\u00e9.<\/p>\n<p>A cette r\u00e9ponse, le g\u00e9n\u00e9ral lance un sourire avant d\u2019expliquer: \u00ab Je demande \u00e0 madame la procureure de retourner \u00e0 ses documents parce que qu\u2019elle ne ma\u00eetrise pas la chose militaire. Il n\u2019y a pas deux chefs dans un bateau. Le chef de corps adjoint ne peut que suppl\u00e9er son chef en cas d\u2019absence ou d\u2019indisponibilit\u00e9. J\u2019ai exerc\u00e9 les fonctions de chef de corps adjoint, et je sais de quoi je parle \u00bb. Contestant toujours le Gal, le parquet a poursuivi dans ses observations en \u00e9voquant des attitudes incompr\u00e9hensives par rapport au syst\u00e8me de s\u00e9curisation au sein du Conseil de l\u2019entente.<\/p>\n<p>Le parquet a, en effet, trouv\u00e9 curieux l\u2019attitude du piquet d\u2019intervention \u00ab rest\u00e9 inactif face \u00e0 la fusillade du 15 octobre 1987 \u00bb. Mais le g\u00e9n\u00e9ral a insist\u00e9 sur le contexte de l\u2019\u00e9poque o\u00f9 il n\u2019\u00e9tait \u00ab pas facile de contr\u00f4ler toutes les actions des hommes \u00bb.<\/p>\n<h3>\u00ab Je suis pr\u00eat pour aller au front \u00bb<\/h3>\n<p>A leur tour, les avocats de la d\u00e9fense ont demand\u00e9 un recadrage des d\u00e9bats. \u00ab Je voulais<\/p>\n<figure id=\"attachment_41997\" aria-describedby=\"caption-attachment-41997\" style=\"width: 300px\" class=\"wp-caption alignleft\"><img decoding=\"async\" loading=\"lazy\" class=\"size-medium wp-image-41997\" src=\"https:\/\/linitiative.ca\/International\/wp-content\/uploads\/sites\/23\/2021\/11\/kere2-300x204-1.gif\" alt=\"\" width=\"300\" height=\"204\" srcset=\"https:\/\/linitiative.ca\/International\/wp-content\/uploads\/sites\/23\/2021\/11\/kere2-300x204-1.gif 300w, https:\/\/www.sidwaya.info\/wp-content\/uploads\/2021\/11\/kere2-768x522.gif 768w, https:\/\/www.sidwaya.info\/wp-content\/uploads\/2021\/11\/kere2-150x102.gif 150w, https:\/\/www.sidwaya.info\/wp-content\/uploads\/2021\/11\/kere2-696x473.gif 696w, https:\/\/www.sidwaya.info\/wp-content\/uploads\/2021\/11\/kere2-618x420.gif 618w\" sizes=\"auto, (max-width: 300px) 100vw, 300px\"><figcaption id=\"caption-attachment-41997\" class=\"wp-caption-text\">Gilbert Diend\u00e9r\u00e9 : \u00ab en portant la tenue l\u00e9opard, je veux donner le signal que je<br \/>suis pr\u00eat pour aller au front si cela est n\u00e9cessaire \u00bb.<\/figcaption><\/figure>\n<p>que Mme Sankara qui est dans la salle comprenne que parmi les avocats de la d\u00e9fense, il y a des sankaristes. Il faut que nous menions le d\u00e9bat autour de la responsabilit\u00e9 personnelle du g\u00e9n\u00e9ral Diend\u00e9r\u00e9. Je ne comprends pas comment le piquet peut-il refuser l\u2019acc\u00e8s du Conseil \u00e0 Hyacinthe qui \u00e9tait un Dieu au sein du Conseil de l\u2019entente.<\/p>\n<p>Ce qu\u2019il faut retenir dans ce dossier, c\u2019est que des \u00e9l\u00e9ments incontr\u00f4l\u00e9s et isol\u00e9s sont venus commettre l\u2019irr\u00e9parable. On ne doit pas se fourvoyer ou se d\u00e9biner. Et la responsabilit\u00e9 personnelle est condamnable, selon le code p\u00e9nal. Il faut que nous n\u2019ignorions pas les principes fondamentaux et les \u00e9l\u00e9ments historiques afin d\u2019aller au bout de ce proc\u00e8s historique \u00bb, s\u2019est exprim\u00e9 Me Paul K\u00e9r\u00e9, avocat de la d\u00e9fense.<\/p>\n<p>Moins \u2018\u2018 destabilisateurs \u201d que leurs pr\u00e9d\u00e9cesseurs, les avocats de l\u2019accus\u00e9 ont, tour \u00e0 tour, pos\u00e9 quelques questions \u00e0 leur client tout en insistant que le g\u00e9n\u00e9ral, jeune lieutenant de 27 ans \u00e0 l\u2019\u00e9poque, a \u00e9t\u00e9 mis devant le fait accompli. R\u00e9agissant \u00e0 la tenue l\u00e9opard qu\u2019il enfile chaque fois depuis l\u2019ouverture du proc\u00e8s, le g\u00e9n\u00e9ral de brigade Gilbert Diend\u00e9r\u00e9 a indiqu\u00e9 qu\u2019il fait encore partie des effectifs de l\u2019arm\u00e9e burkinab\u00e8, car n\u2019\u00e9tant pas radi\u00e9 et ne purgeant aucune peine.<\/p>\n<p>\u00ab Je suis simplement en d\u00e9tention provisoire \u00bb, a-t-il dit. Cette tenue qu\u2019on attribuait au RSP, a-t-il dit, aurait \u00e9t\u00e9 con\u00e7ue par le capitaine Thomas Sankara et am\u00e9lior\u00e9e par Blaise Compaor\u00e9. Et de poursuivre en indiquant qu\u2019en portant cette tenue, il se fait le descendant de ces deux chefs respect\u00e9s. \u00ab Si aujourd\u2019hui on voit cette tenue comme un uniforme de combat, alors je d\u00e9montre par cette tenue, que je suis pr\u00eat pour aller au front \u00bb, a-t-il laiss\u00e9 entendre.<\/p>\n<p>Pour Me Mamadou Sombi\u00e9, avocat de l\u2019accus\u00e9 Nabonswend\u00e9 Ou\u00e9draogo, le proc\u00e8s est beaucoup plus profond qu\u2019on ne l\u2019imagine. Selon lui, les ann\u00e9es 1980 ont \u00e9t\u00e9 particuli\u00e8rement sanglantes au pays des Hommes int\u00e8gres. Il a \u00e9voqu\u00e9 les disparitions \u00ab criminelles \u00bb de plusieurs Volta\u00efques sous le Conseil national de la R\u00e9volution (colonel Yorian Gabriel Som\u00e9, Fid\u00e8le Gu\u00e9br\u00e9, Cdt Hamadou Sawadogo, l\u2019\u00e9tudiant Christophe B\u00e9ouind\u00e9\u2026). \u00ab L\u2019ADN du CNR est imbib\u00e9e de sang. Sous Thomas Sankara, il y a eu des ex\u00e9cutions qui n\u2019ont jamais \u00e9t\u00e9 jug\u00e9es.<\/p>\n<p>C\u2019est donc dire que Thomas Sankara n\u2019\u00e9tait pas un saint. Il avait aussi ce c\u00f4t\u00e9 d\u00e9moniaque en lui comme tout \u00eatre humain \u00bb, a-t-il critiqu\u00e9 sous le bourdonnement du public de la salle d\u2019audience. Le proc\u00e8s a \u00e9t\u00e9 suspendu autour de 13 heures et demie pour reprendre le lundi 15 novembre 2021 avec l\u2019audition des t\u00e9moins et de deux autres accus\u00e9s.<\/p>\n<p style=\"text-align: right\"><strong>Wanl\u00e9 G\u00e9rard COULIBALY <\/strong><\/p>\n<p>L\u2019article <a rel=\"nofollow\" href=\"https:\/\/www.sidwaya.info\/blog\/2021\/11\/11\/proces-thomas-sankara-laudition-des-temoins-ce-lundi-15-novembre\/\">Proc\u00e8s Thomas Sankara : L\u2019audition des t\u00e9moins, ce lundi 15 novembre<\/a> est apparu en premier sur <a rel=\"nofollow\" href=\"https:\/\/www.sidwaya.info\/\">Quotidien Sidwaya<\/a>.<\/p>\n<\/div>\n<p>Auteur: JK. Sidwaya<br \/>\n<a href=\"https:\/\/www.sidwaya.info\/blog\/2021\/11\/11\/proces-thomas-sankara-laudition-des-temoins-ce-lundi-15-novembre\/\">Cliquez ici pour lire l&rsquo;article depuis sa source.<\/a><\/p>\n","protected":false},"excerpt":{"rendered":"<p>L\u2019interrogatoire du g\u00e9n\u00e9ral de brigade Gilbert Diend\u00e9r\u00e9 dans le jugement du proc\u00e8s Thomas Sankara est provisoirement clos, ce jeudi 11 novembre 2021. Malgr\u00e9 les multiples questionnements et observations du parquet militaire, l\u2019accus\u00e9s, est rest\u00e9 serein et imperturbable, et clame toujours son innocence et affirme m\u00eame \u00eatre pr\u00eat pour le front. L\u2019interrogatoire du g\u00e9n\u00e9ral Gilbert Diend\u00e9r\u00e9, [&hellip;]<\/p>\n","protected":false},"author":1816,"featured_media":0,"comment_status":"closed","ping_status":"closed","sticky":false,"template":"","format":"standard","meta":{"fifu_image_url":"https:\/\/www.sidwaya.info\/wp-content\/uploads\/2021\/11\/kere2-300x204.gif","fifu_image_alt":"Proc\u00e8s Thomas Sankara : L\u2019audition des t\u00e9moins, ce lundi 15 novembre","footnotes":""},"categories":[73,81],"tags":[],"class_list":["post-132670","post","type-post","status-publish","format-standard","hentry","category-actualite","category-burkina-faso"],"_links":{"self":[{"href":"https:\/\/linitiative.ca\/International\/wp-json\/wp\/v2\/posts\/132670","targetHints":{"allow":["GET"]}}],"collection":[{"href":"https:\/\/linitiative.ca\/International\/wp-json\/wp\/v2\/posts"}],"about":[{"href":"https:\/\/linitiative.ca\/International\/wp-json\/wp\/v2\/types\/post"}],"author":[{"embeddable":true,"href":"https:\/\/linitiative.ca\/International\/wp-json\/wp\/v2\/users\/1816"}],"replies":[{"embeddable":true,"href":"https:\/\/linitiative.ca\/International\/wp-json\/wp\/v2\/comments?post=132670"}],"version-history":[{"count":0,"href":"https:\/\/linitiative.ca\/International\/wp-json\/wp\/v2\/posts\/132670\/revisions"}],"wp:attachment":[{"href":"https:\/\/linitiative.ca\/International\/wp-json\/wp\/v2\/media?parent=132670"}],"wp:term":[{"taxonomy":"category","embeddable":true,"href":"https:\/\/linitiative.ca\/International\/wp-json\/wp\/v2\/categories?post=132670"},{"taxonomy":"post_tag","embeddable":true,"href":"https:\/\/linitiative.ca\/International\/wp-json\/wp\/v2\/tags?post=132670"}],"curies":[{"name":"wp","href":"https:\/\/api.w.org\/{rel}","templated":true}]}}