{"id":132672,"date":"2021-11-11T17:36:14","date_gmt":"2021-11-11T22:36:14","guid":{"rendered":"https:\/\/linitiative.ca\/International\/abdoul-karim-sango-ancien-ministre-de-la-culture-vaincre-lhydre-terroriste-grace-a-une-intelligence-collective\/"},"modified":"2021-11-11T17:36:14","modified_gmt":"2021-11-11T22:36:14","slug":"abdoul-karim-sango-ancien-ministre-de-la-culture-vaincre-lhydre-terroriste-grace-a-une-intelligence-collective","status":"publish","type":"post","link":"https:\/\/linitiative.ca\/International\/abdoul-karim-sango-ancien-ministre-de-la-culture-vaincre-lhydre-terroriste-grace-a-une-intelligence-collective\/","title":{"rendered":"Abdoul Karim Sango, ancien ministre de la culture : \u00ab Vaincre l\u2019hydre terroriste gr\u00e2ce  \u00e0 une intelligence collective ! \u00bb"},"content":{"rendered":"<div>\n<p><strong>Conseiller sp\u00e9cial charg\u00e9 des questions culturelles et des arts \u00e0 la pr\u00e9sidence du Faso, Abdoul Karim Sango affirme dans cette tribune que seule la culture d\u00e9barrassera le Burkina Faso du terrorisme. Car, pour l\u2019ancien ministre de la Culture, des Arts et du Tourisme, les nations culturellement fortes et unies r\u00e9sistent mieux \u00e0 l\u2019extr\u00e9misme violent. <\/strong><\/p>\n<p>A la sortie du dialogue politique de fin septembre dernier, il est apparu tr\u00e8s nettement de nombreux points de convergence entre la Majorit\u00e9 et le Cfop sur les modalit\u00e9s de gestion de la crise s\u00e9curitaire. Un consensus entre les deux parties s\u2019est fait sur le principe d\u2019apporter un soutien national \u00e0 l\u2019engagement des forces de d\u00e9fense et de s\u00e9curit\u00e9 sur le front de la lutte contre l\u2019ins\u00e9curit\u00e9. Quoi de plus normal !<\/p>\n<p>Le Cfop avait m\u00eame accueilli tr\u00e8s favorablement les changements op\u00e9r\u00e9s \u00e0 la t\u00eate des minist\u00e8res de la d\u00e9fense et de la s\u00e9curit\u00e9. Il convient de rappeler que le m\u00eame Cfop avait exig\u00e9 avec beaucoup d\u2019insistance le d\u00e9part des ministres de la d\u00e9fense, de la s\u00e9curit\u00e9 et de certains chefs militaires. Le pr\u00e9sident du Faso y a r\u00e9pondu favorablement parce que, cette revendication, semblait aussi largement partag\u00e9e au sein de l\u2019opinion.<\/p>\n<p>Toutefois, il fallait \u00eatre na\u00eff de croire que le simple changement de personnes puisse miraculeuse-ment r\u00e9soudre le probl\u00e8me s\u00e9curitaire dont les tentacules internationaux et sous r\u00e9gionales sont av\u00e9r\u00e9es. Dans une de mes interventions sur une t\u00e9l\u00e9vision de la place (Surface de v\u00e9rit\u00e9 de BF1), j\u2019avais dit \u00e0 l\u2019\u00e9poque, qu\u2019il fallait certainement op\u00e9rer des changements pour \u00eatre en phase avec une partie de l\u2019opinion mais que cela ne suffirait pas si on n\u2019identifiait pas les v\u00e9ritables causes du mal de notre syst\u00e8me de d\u00e9fense et de s\u00e9curit\u00e9.<\/p>\n<p>Evidemment, cette sale guerre qui nous est impos\u00e9e depuis l\u2019accession du pr\u00e9sident Roch au pouvoir, le Burkinab\u00e8 qui ose affirmer que lui a des r\u00e9ponses de court, et moyen terme \u00e0 cela, est le plus grand menteur de ce pays. N\u2019\u00e9tant pas un sp\u00e9cialiste de la lutte contre le terrorisme, toutes mes lectures de penseurs s\u00e9rieux qui ont r\u00e9fl\u00e9chi et \u00e9crit sur le sujet permettent simplement d\u2019affirmer que le projet terroriste n\u2019a pas d\u2019avenir et ne pourrait donc prosp\u00e9rer au Burkina.<\/p>\n<p>Un des plus brillants penseurs de notre si\u00e8cle, Yuval Noah Hariri aborde la question de fa\u00e7on document\u00e9e dans un de ses c\u00e9l\u00e8bres ouvrages <strong>21 le\u00e7ons pour le XXI\u00e8me si\u00e8cle. Plus de 2000 morts, 1 500 000 personnes d\u00e9plac\u00e9es internes, 2244 \u00e9coles ferm\u00e9es, 304 564 \u00e9l\u00e8ves<\/strong> incapables de se rendre \u00e0 l\u2019\u00e9cole. Ces chiffres traduisent l\u2019ampleur des d\u00e9fis auxquels nous sommes confront\u00e9s par-del\u00e0 les chapelles politiques. Face \u00e0 l\u2019hydre terroriste, les victimes ne sont d\u2019aucune chapelle politique. Ils sont tous nos fr\u00e8res et s\u0153urs quel que soit notre bord politique.<\/p>\n<p>C\u2019est pourquoi, il faut se garder de vouloir exploiter de mani\u00e8re d\u00e9tourn\u00e9e la d\u00e9tresse des populations vivant dans les zones d\u2019ins\u00e9curit\u00e9. Il est compl\u00e8tement irresponsable de lancer un ultimatum \u00e0 un gouvernement dans une situation aussi complexe et confuse. Confront\u00e9 \u00e0 des contradictions internes dans son parti politique, le pr\u00e9sident Eddy [Eddie Komboigo] cherche-t-il une bou\u00e9e de sauvetage ? Nous avons besoin d\u2019une intelligence collective pour vaincre ensemble l\u2019hydre terroriste.<\/p>\n<p>Et cela est d\u2019autant plus indispensable que sans la paix, il n\u2019y a point de d\u00e9veloppement. Au niveau gouvernemental, des mesures ont \u00e9t\u00e9 prises en allouant plus du 1\/3 du budget national \u00e0 la d\u00e9fense et \u00e0 la s\u00e9curit\u00e9. Des efforts importants ont \u00e9t\u00e9 accomplis pour doter les FDS de mat\u00e9riels de guerre. Notre pays figure aujourd\u2019hui parmi l\u2019un des plus gros acheteurs d\u2019armes en Afrique. Le Cfop exige un audit sur la gestion du mat\u00e9riel, cela me para\u00eet juste et l\u00e9gitime.<\/p>\n<p>Peut-\u00eatre qu\u2019il faut \u00e9tendre cela \u00e0 d\u2019autres questions connexes de l\u2019arm\u00e9e m\u00eame si le secret semble \u00eatre la r\u00e8gle qui r\u00e9git ce corps. Les questions de primes en vue de motiver les hommes sur le terrain sont en voie d\u2019\u00eatre d\u00e9finitivement r\u00e9gl\u00e9es. Des responsabilit\u00e9s doivent \u00eatre situ\u00e9es et des sanctions prises contre les personnes qui ont \u00e9t\u00e9 \u00e0 la base du retard dans le paiement de primes au profit de ceux qui combattent pour la patrie.<\/p>\n<p>Il n\u2019est pas tol\u00e9rable qu\u2019en temps de crise, des individus tapis dans l\u2019administration militaire ou d\u2019autres administrations se pr\u00eatent \u00e0 ce jeu immoral et amoral. Je partage l\u2019id\u00e9e que les grands officiers doivent \u00eatre sur le champ de guerre pour mieux conduire la strat\u00e9gie. On doit les voir de moins en moins \u00e0 Ouagadougou. Ne serait-ce que pour doper le moral des troupes, ils doivent \u00eatre sur le terrain.<\/p>\n<p>Une telle mesure doit \u00eatre envisag\u00e9e pour les six prochains mois avec des objectifs de r\u00e9sultats sur le terrain. Par exemple, il faut imp\u00e9rativement r\u00e9tablir l\u2019autorit\u00e9 de l\u2019Etat sur certaines routes nationales. Avouons-le ! C\u2019est humiliant ce qui se passe sur les axes Fada-Kantchari- fronti\u00e8re du Niger et Fada-Pama-fronti\u00e8re du B\u00e9nin pour ne citer que ces deux exemples. Et le sentiment de frustration des populations de la r\u00e9gion de l\u2019Est est tout aussi l\u00e9gitime. Il faut \u00eatre un monstre pour ne pas le comprendre.<\/p>\n<p>Nous devons garder toujours \u00e0 l\u2019esprit que sans patriotisme, on ne pourra pas gagner la guerre. Et ce patriotisme exige de tous un changement radical de mentalit\u00e9, il n\u2019est pas un vain mot. Au-del\u00e0 du tout arm\u00e9e, la lutte contre le terrorisme doit \u00eatre men\u00e9e de fa\u00e7on holistique. La toute nouvelle strat\u00e9gie de d\u00e9fense et de s\u00e9curit\u00e9 semble en avoir tenu compte. Il convient d\u2019acc\u00e9l\u00e9rer sa mise en \u0153uvre.<\/p>\n<p>Ministre en charge de la culture, j\u2019avais beaucoup insist\u00e9 sur la r\u00e9ponse culturelle qui doit \u00eatre apport\u00e9e \u00e0 la lutte contre l\u2019extr\u00e9misme violent. Sous le leadership du pr\u00e9sident du Faso, alors Pr\u00e9sident du G5 Sahel, nous avions r\u00e9uni les ministres en charge de la culture du G5 Sahel pour r\u00e9fl\u00e9chir \u00e0 la mani\u00e8re dont la culture peut contribuer \u00e0 \u00e9radiquer l\u2019extr\u00e9misme violent. Seule la culture nous d\u00e9barrassera de ce fl\u00e9au \u00e0 long terme. Les nations culturellement fortes, r\u00e9sistent mieux \u00e0 la mont\u00e9e de l\u2019extr\u00e9misme violent.<\/p>\n<p>Par solidarit\u00e9 avec nos fr\u00e8res et s\u0153urs qui souffrent du terrorisme, il faut \u00eatre sans piti\u00e9 avec tous les agents publics corrompus. La justice doit aider \u00e0 d\u00e9barrasser la soci\u00e9t\u00e9 de toutes ces cat\u00e9gories de personnes. Il faut plus de c\u00e9l\u00e9rit\u00e9 dans le traitement des dossiers de corruption. Quel que soit la longueur de la nuit, le jour finit par \u00e9clore enseigne la sagesse populaire. C\u2019est la le\u00e7on que je tire personnellement du d\u00e9roulement des proc\u00e8s sur les \u00e9v\u00e8nements du 15 octobre 1987.<\/p>\n<p>De la m\u00eame mani\u00e8re, au-del\u00e0 de ces crimes de sang les plus inhumains de notre histoire, un autre chapitre de jugement doit s\u2019ouvrir pour le jugement des crimes \u00e9conomiques. Car celui qui d\u00e9tourne impun\u00e9ment est aussi pire que celui vous tue physiquement. En d\u00e9finitive, j\u2019ai le sentiment que la corruption est la plus grande menace \u00e0 la paix sociale dans notre pays. Notre pays souffre d\u2019un mal si profond qu\u2019on en vient souvent \u00e0 d\u00e9sesp\u00e9rer. Si tu veux tuer un peuple, inutile de lui faire la guerre.<\/p>\n<p>Il suffit de tuer le sens des valeurs en lui au point o\u00f9 le mensonge devient le principal mode de pens\u00e9e des gens. Sous le r\u00e8gne du Pr\u00e9sident Compaor\u00e9, un haut responsable du Cdp avait eu le courage de dire que la morale agonisait au Burkina. A sa suite, c\u2019est feu le Kamsonghin Naaba qui avait eu l\u2019heureuse formule de dire qu\u2019au Burkina, nous avions d\u00e9j\u00e0 c\u00e9l\u00e9br\u00e9 les fun\u00e9railles de la morale. Un individu, plus globalement un peuple chez lequel la morale est une vertu \u00e0 g\u00e9om\u00e9trie variable a perdu le sens de la dignit\u00e9.<\/p>\n<p>En 27 ans de gouvernance politique, tout observateur politique sinc\u00e8re et averti sait, que l\u2019on a pass\u00e9 le temps \u00e0 ruser avec la v\u00e9rit\u00e9 contribuant ainsi \u00e0 d\u00e9liter moralement notre peuple, nagu\u00e8re int\u00e8gre et fier. Il y en a qui garde toujours le secret espoir de nous y ramener. Ils reprennent du poil de la b\u00eate en voulant tromper les jeunes g\u00e9n\u00e9rations, impatientes de voir les fruits du changement tant r\u00eav\u00e9.<\/p>\n<p>Ces p\u00eacheurs en eau trouble se reconna\u00eetront eux-m\u00eames. Mais le peuple Burkinab\u00e8 qui a fait l\u2019insurrection n\u2019a pas la m\u00e9moire courte. Il sait d\u2019o\u00f9 il vient, et sait o\u00f9 il veut aller. La consolidation des institutions d\u00e9mocratiques est la plus belle aspiration des peuples libres. Ce travail nous devons le poursuivre patiemment et courageusement avec plus de g\u00e9nie cr\u00e9ateur burkinab\u00e8.<\/p>\n<p style=\"text-align: right\"><strong>Que Dieu b\u00e9nisse le Burkina Faso ! <\/strong><\/p>\n<p style=\"text-align: right\"><strong>Abdoul Karim SANGO <\/strong><\/p>\n<p>L\u2019article <a rel=\"nofollow\" href=\"https:\/\/www.sidwaya.info\/blog\/2021\/11\/11\/abdoul-karim-sango-ancien-ministre-de-la-culture-vaincre-lhydre-terroriste-grace-a-une-intelligence-collective\/\">Abdoul Karim Sango, ancien ministre de la culture : \u00ab Vaincre l\u2019hydre terroriste gr\u00e2ce  \u00e0 une intelligence collective ! \u00bb<\/a> est apparu en premier sur <a rel=\"nofollow\" href=\"https:\/\/www.sidwaya.info\/\">Quotidien Sidwaya<\/a>.<\/p>\n<\/div>\n<p>Auteur: JK. Sidwaya<br \/>\n<a href=\"https:\/\/www.sidwaya.info\/blog\/2021\/11\/11\/abdoul-karim-sango-ancien-ministre-de-la-culture-vaincre-lhydre-terroriste-grace-a-une-intelligence-collective\/\">Cliquez ici pour lire l&rsquo;article depuis sa source.<\/a><\/p>\n","protected":false},"excerpt":{"rendered":"<p>Conseiller sp\u00e9cial charg\u00e9 des questions culturelles et des arts \u00e0 la pr\u00e9sidence du Faso, Abdoul Karim Sango affirme dans cette tribune que seule la culture d\u00e9barrassera le Burkina Faso du terrorisme. Car, pour l\u2019ancien ministre de la Culture, des Arts et du Tourisme, les nations culturellement fortes et unies r\u00e9sistent mieux \u00e0 l\u2019extr\u00e9misme violent. A [&hellip;]<\/p>\n","protected":false},"author":1816,"featured_media":0,"comment_status":"closed","ping_status":"closed","sticky":false,"template":"","format":"standard","meta":{"fifu_image_url":"","fifu_image_alt":"","footnotes":""},"categories":[73,81],"tags":[],"class_list":["post-132672","post","type-post","status-publish","format-standard","hentry","category-actualite","category-burkina-faso"],"_links":{"self":[{"href":"https:\/\/linitiative.ca\/International\/wp-json\/wp\/v2\/posts\/132672","targetHints":{"allow":["GET"]}}],"collection":[{"href":"https:\/\/linitiative.ca\/International\/wp-json\/wp\/v2\/posts"}],"about":[{"href":"https:\/\/linitiative.ca\/International\/wp-json\/wp\/v2\/types\/post"}],"author":[{"embeddable":true,"href":"https:\/\/linitiative.ca\/International\/wp-json\/wp\/v2\/users\/1816"}],"replies":[{"embeddable":true,"href":"https:\/\/linitiative.ca\/International\/wp-json\/wp\/v2\/comments?post=132672"}],"version-history":[{"count":0,"href":"https:\/\/linitiative.ca\/International\/wp-json\/wp\/v2\/posts\/132672\/revisions"}],"wp:attachment":[{"href":"https:\/\/linitiative.ca\/International\/wp-json\/wp\/v2\/media?parent=132672"}],"wp:term":[{"taxonomy":"category","embeddable":true,"href":"https:\/\/linitiative.ca\/International\/wp-json\/wp\/v2\/categories?post=132672"},{"taxonomy":"post_tag","embeddable":true,"href":"https:\/\/linitiative.ca\/International\/wp-json\/wp\/v2\/tags?post=132672"}],"curies":[{"name":"wp","href":"https:\/\/api.w.org\/{rel}","templated":true}]}}