{"id":132676,"date":"2021-11-11T12:37:09","date_gmt":"2021-11-11T17:37:09","guid":{"rendered":"https:\/\/linitiative.ca\/International\/cameroun-crise-alimentaire-louis-marie-kakdeu-accuse-le-gicam-de-faire-du-chantage\/"},"modified":"2021-11-11T12:37:09","modified_gmt":"2021-11-11T17:37:09","slug":"cameroun-crise-alimentaire-louis-marie-kakdeu-accuse-le-gicam-de-faire-du-chantage","status":"publish","type":"post","link":"https:\/\/linitiative.ca\/International\/cameroun-crise-alimentaire-louis-marie-kakdeu-accuse-le-gicam-de-faire-du-chantage\/","title":{"rendered":"Cameroun \u2013 crise alimentaire : Louis-Marie Kakdeu accuse le GICAM de faire du chantage"},"content":{"rendered":"<div>\n<p><img loading=\"lazy\" decoding=\"async\" width=\"600\" height=\"600\" src=\"https:\/\/linitiative.ca\/International\/wp-content\/uploads\/sites\/23\/2021\/11\/Louis-Marie-Kakdeu..jpg\" class=\"attachment-post-thumbnail size-post-thumbnail wp-post-image\" alt=\"\" srcset=\"https:\/\/linitiative.ca\/International\/wp-content\/uploads\/sites\/23\/2021\/11\/Louis-Marie-Kakdeu..jpg 600w, https:\/\/www.journalducameroun.com\/wp-content\/uploads\/2021\/11\/Louis-Marie-Kakdeu.-150x150.jpg 150w, https:\/\/www.journalducameroun.com\/wp-content\/uploads\/2021\/11\/Louis-Marie-Kakdeu.-300x300.jpg 300w, https:\/\/www.journalducameroun.com\/wp-content\/uploads\/2021\/11\/Louis-Marie-Kakdeu.-440x440.jpg 440w, https:\/\/www.journalducameroun.com\/wp-content\/uploads\/2021\/11\/Louis-Marie-Kakdeu.-60x60.jpg 60w, https:\/\/www.journalducameroun.com\/wp-content\/uploads\/2021\/11\/Louis-Marie-Kakdeu.-100x100.jpg 100w\" sizes=\"auto, (max-width: 600px) 100vw, 600px\"><\/p>\n<p style=\"text-align: justify;\"><b>Dans une tribune publi\u00e9e ce 11 novembre 2021,\u00a0l\u2019\u00e9conomiste s&rsquo;insurge contre\u00a0les <a href=\"https:\/\/www.journalducameroun.com\/cameroun-vers-une-crise-alimentaire-dici-janvier-2022-cameroun\/\">plaintes du\u00a0Groupement inter patronal du Cameroun (Gicam)<\/a>.\u00a0Le GICAM d\u00e9plore\u00a0la flamb\u00e9e des prix \u00e0 l&rsquo;importation,<\/b> <b>le rench\u00e9rissement exponentiel de leurs co\u00fbts qui peuvent aboutir\u00a0\u00e0\u00a0\u00a0une crise alimentaire d\u00e8s janvier 2022. Ci-dessous\u00a0l&rsquo;opinion de Louis-Marie Kakdeu.\u00a0<\/b><\/p>\n<p>\u00a0<\/p>\n<p>\u00a0<\/p>\n<p>\u00a0<\/p>\n<p>\u00a0<\/p>\n<p style=\"text-align: center;\"><em>Je d\u00e9fends la production nationale contre tout projet d\u2019importation massive. Juste pour vous donner une figure, les importations du Cameroun sont pass\u00e9es de 700 \u00e0 1400 milliards de FCFA rien qu\u2019en denr\u00e9e alimentaire entre 2015 et 2020 (5ans!). On observe la m\u00eame tendance dans le d\u00e9ficit de la balance commerciale qui a d\u00e9pass\u00e9 les 1400 milliards en 2020. Cette situation est intenable pour l\u2019\u00e9conomie nationale et c\u2019est dans ce contexte qu\u2019intervient le chantage du Patronat \u00e0 travers le GICAM. En effet, le patronat menace suite \u00e0 sa r\u00e9union de concertation ce 9 novembre 2021 de cesser ses activit\u00e9s d\u2019importation \u00e0 partir de janvier 2022 c\u2019est-\u00e0-dire dans un mois et demi<\/em>.<\/p>\n<p><strong>Qu\u2019est-ce que le patronat au Cameroun ?<\/strong><\/p>\n<p style=\"text-align: center;\"><em>C\u2019est une association domin\u00e9e par les commer\u00e7ants c\u2019est-\u00e0-dire des op\u00e9rateurs \u00e9conomiques qui ne cr\u00e9ent pas localement les richesses. Ils trouvent plus int\u00e9ressants d\u2019importer les produits fabriqu\u00e9s \u00e0 l\u2019\u00e9tranger en vue de r\u00e9aliser quelques fois jusqu\u2019\u00e0 300% de marge b\u00e9n\u00e9ficiaire. C\u2019est cela qui fait du Cameroun, une \u00e9conomie extravertie dont le total des importations a d\u00e9pass\u00e9e 3850 milliards de FCFA en 2019 (Plus de 4\/5 du budget national \u00e0 l\u2019\u00e9poque).<\/em><\/p>\n<p><strong>Le gouvernement ne doit pas c\u00e9der<\/strong><\/p>\n<p style=\"text-align: center;\"><em>En \u00e9conomie, c\u2019est le march\u00e9 qui est souvent difficile \u00e0 avoir. Or, au Cameroun, le march\u00e9 est disponible et c\u2019est l\u2019offre (\u00e9trang\u00e8re) qui fait le chantage. Cette offre ignore que c\u2019est elle qui devait m\u00eame payer le droit d\u2019acc\u00e8s au march\u00e9 comme c\u2019est le cas dans les pays normaux. Au lieu de prot\u00e9ger son march\u00e9, le Cameroun l\u2019avait ind\u00fbment ouvert \u00e0 outrance \u00e0 travers des accords commerciaux mal n\u00e9goci\u00e9s comme l\u2019accord APE avec l\u2019UE qui est d\u00e9favorable \u00e0 la production nationale. Si les patrons sont tant f\u00e2ch\u00e9s, ils n\u2019ont qu\u2019aller vendre un peu leurs produits import\u00e9s \u00e0 bas co\u00fbts aux USA.<\/em><\/p>\n<p><em><strong>Une opportunit\u00e9 pour le Made in Cameroon<\/strong><\/em><\/p>\n<p style=\"text-align: center;\"><em>Finalement, les d\u00e9fenseurs de la production nationale pourraient obtenir gratuitement la r\u00e9duction des importations massives. Ce serait un joli cadeau de fin d\u2019ann\u00e9e ! S\u2019il y a moins d\u2019importations, la concurrence d\u00e9loyale appliqu\u00e9e aux produits locaux prendra naturellement fin et l\u2019on pourrait assister \u00e0 une v\u00e9ritable \u00e9closion de l\u2019\u00e9conomie camerounaise. C\u2019est une opportunit\u00e9 pour le made in Cameroon. Merci au GICAM!<\/em><\/p>\n<p><em><strong>Et quitte de la famine ou du rench\u00e9rissement du co\u00fbt de vie?<\/strong><\/em><\/p>\n<p style=\"text-align: center;\"><em>L\u2019argument du chantage est de dire que les populations mourront de faim si les importations venaient \u00e0 s\u2019arr\u00eater. Les associations des consommateurs accuseront donc le GICAM de vouloir affamer les populations. Soit! Mais, rien de grand ne s\u2019est fait sans efforts. Il n\u2019y a pas de r\u00e9formes structurelles qui soient populaires \u00e0 travers le monde. Certains Hommes politiques doivent apprendre \u00e0 \u00eatre impopulaires pour changer la soci\u00e9t\u00e9. Lorsque Tatcher reformait la Grande Bretagne pour lui permettre de vivre sans les colonies, la rue avait abondamment grogn\u00e9. Mais, elle a r\u00e9ussi et ce pays arrive \u00e0 vivre aujourd\u2019hui sans la d\u00e9pendance \u00e0 l\u2019ext\u00e9rieur, m\u00eame pas de l\u2019UE. C\u2019est une question de vision!<\/em><\/p>\n<p style=\"text-align: center;\"><em>A nous de choisir ce que nous voulons. C\u2019est notre droit fondamental. Pour ma part, les populations ne mourront pas de faim. D\u2019une part, les producteurs du monde entier qui ont besoin du march\u00e9 se bousculeront aux portes du Cameroun. J\u2019en connais d\u00e9j\u00e0 en Chine qui attendent l\u2019opportunit\u00e9. Cela permettra au Cameroun de rompre avec les vieux accords coloniaux et de ren\u00e9gocier les conditions d\u2019acc\u00e8s \u00e0 son march\u00e9.<\/em><\/p>\n<p style=\"text-align: center;\"><em>En ce moment-l\u00e0, nous aurons \u00e0 dire! Par exemple, le Nigeria donne des avantages fiscaux aux importateurs proportionnellement au montant des investissements consentis dans une ann\u00e9e \u00e0 la production dans le pays. Ainsi, le pays sait qu\u2019avec ces investissements rendus progressifs au niveau local, l\u2019on tournera dans un avenir proche la page des importations massives. Pourquoi ne pouvons-nous pas faire \u00e7a au Cameroun ? Ensuite, je peux vous rassurer que la r\u00e9volution agraire est possible en trois ans. C\u2019est l\u2019offre politique que portait Bernard Njonga. Nous n\u2019avons qu\u2019\u00e0 essayer, non?<\/em><\/p>\n<p style=\"text-align: justify;\">Par<strong> Louis-Marie Kakdeu<\/strong>, \u00e9conomiste<\/p>\n<p>Cet article <a rel=\"nofollow\" href=\"https:\/\/www.journalducameroun.com\/cameroun-crise-alimentaire-louis-marie-kakdeu-accuse-le-gicam-de-faire-du-chantage\/\">Cameroun \u2013 crise alimentaire : Louis-Marie Kakdeu accuse le GICAM de faire du chantage<\/a> est apparu en premier sur <a rel=\"nofollow\" href=\"https:\/\/www.journalducameroun.com\/\">Journal du Cameroun<\/a>.<\/p>\n<\/div>\n<p>Auteur: Christian DJIMADEU<br \/>\n<a href=\"https:\/\/www.journalducameroun.com\/cameroun-crise-alimentaire-louis-marie-kakdeu-accuse-le-gicam-de-faire-du-chantage\/\">Cliquez ici pour lire l&rsquo;article depuis sa source.<\/a><\/p>\n","protected":false},"excerpt":{"rendered":"<p>Dans une tribune publi\u00e9e ce 11 novembre 2021,\u00a0l\u2019\u00e9conomiste s&rsquo;insurge contre\u00a0les plaintes du\u00a0Groupement inter patronal du Cameroun (Gicam).\u00a0Le GICAM d\u00e9plore\u00a0la flamb\u00e9e des prix \u00e0 l&rsquo;importation, le rench\u00e9rissement exponentiel de leurs co\u00fbts qui peuvent aboutir\u00a0\u00e0\u00a0\u00a0une crise alimentaire d\u00e8s janvier 2022. Ci-dessous\u00a0l&rsquo;opinion de Louis-Marie Kakdeu.\u00a0 \u00a0 \u00a0 \u00a0 \u00a0 Je d\u00e9fends la production nationale contre tout projet d\u2019importation [&hellip;]<\/p>\n","protected":false},"author":1965,"featured_media":0,"comment_status":"closed","ping_status":"closed","sticky":false,"template":"","format":"standard","meta":{"fifu_image_url":"https:\/\/www.journalducameroun.com\/wp-content\/uploads\/2021\/11\/Louis-Marie-Kakdeu..jpg","fifu_image_alt":"Cameroun \u2013 crise alimentaire : Louis-Marie Kakdeu accuse le GICAM de faire du chantage","footnotes":""},"categories":[73,82],"tags":[],"class_list":["post-132676","post","type-post","status-publish","format-standard","hentry","category-actualite","category-cameroun"],"_links":{"self":[{"href":"https:\/\/linitiative.ca\/International\/wp-json\/wp\/v2\/posts\/132676","targetHints":{"allow":["GET"]}}],"collection":[{"href":"https:\/\/linitiative.ca\/International\/wp-json\/wp\/v2\/posts"}],"about":[{"href":"https:\/\/linitiative.ca\/International\/wp-json\/wp\/v2\/types\/post"}],"author":[{"embeddable":true,"href":"https:\/\/linitiative.ca\/International\/wp-json\/wp\/v2\/users\/1965"}],"replies":[{"embeddable":true,"href":"https:\/\/linitiative.ca\/International\/wp-json\/wp\/v2\/comments?post=132676"}],"version-history":[{"count":0,"href":"https:\/\/linitiative.ca\/International\/wp-json\/wp\/v2\/posts\/132676\/revisions"}],"wp:attachment":[{"href":"https:\/\/linitiative.ca\/International\/wp-json\/wp\/v2\/media?parent=132676"}],"wp:term":[{"taxonomy":"category","embeddable":true,"href":"https:\/\/linitiative.ca\/International\/wp-json\/wp\/v2\/categories?post=132676"},{"taxonomy":"post_tag","embeddable":true,"href":"https:\/\/linitiative.ca\/International\/wp-json\/wp\/v2\/tags?post=132676"}],"curies":[{"name":"wp","href":"https:\/\/api.w.org\/{rel}","templated":true}]}}