{"id":132678,"date":"2021-11-11T17:18:01","date_gmt":"2021-11-11T22:18:01","guid":{"rendered":"https:\/\/linitiative.ca\/International\/maroc-emploi-250-000-beneficiaires-du-nouveau-programme-awrach\/"},"modified":"2021-11-11T17:18:01","modified_gmt":"2021-11-11T22:18:01","slug":"maroc-emploi-250-000-beneficiaires-du-nouveau-programme-awrach","status":"publish","type":"post","link":"https:\/\/linitiative.ca\/International\/maroc-emploi-250-000-beneficiaires-du-nouveau-programme-awrach\/","title":{"rendered":"Maroc\/Emploi : 250.000 b\u00e9n\u00e9ficiaires du nouveau programme \u00ab Awrach \u00bb"},"content":{"rendered":"<div>\n<p><img loading=\"lazy\" decoding=\"async\" width=\"798\" height=\"532\" src=\"https:\/\/linitiative.ca\/International\/wp-content\/uploads\/sites\/23\/2021\/11\/16366690826611.jpg\" class=\"attachment-post-thumbnail size-post-thumbnail wp-post-image\" alt=\"\" srcset=\"https:\/\/linitiative.ca\/International\/wp-content\/uploads\/sites\/23\/2021\/11\/16366690826611.jpg 798w, https:\/\/www.journalducameroun.com\/wp-content\/uploads\/2021\/11\/16366690826611-300x200.jpg 300w, https:\/\/www.journalducameroun.com\/wp-content\/uploads\/2021\/11\/16366690826611-768x512.jpg 768w, https:\/\/www.journalducameroun.com\/wp-content\/uploads\/2021\/11\/16366690826611-660x440.jpg 660w, https:\/\/www.journalducameroun.com\/wp-content\/uploads\/2021\/11\/16366690826611-600x400.jpg 600w\" sizes=\"auto, (max-width: 798px) 100vw, 798px\"><\/p>\n<p>Pr\u00e8s de 250.000 personnes devraient b\u00e9n\u00e9ficier, en 2022 et 2023, d&rsquo; \u00ab Awrach \u00bb, un programme en cours de finalisation pour permettre aux jeunes de profiter d&#8217;emplois temporaires. C&rsquo;est ce que le ministre de l&#8217;emploi, Younes Sekkouri, a indiqu\u00e9, ce jeudi, lors du Conseil de gouvernement.Cit\u00e9 par le ministre d\u00e9l\u00e9gu\u00e9 charg\u00e9 des Relations avec le parlement, porte-parole du gouvernement, Mustapha Baitas, lors d&rsquo;un point de presse tenu \u00e0 l&rsquo;issue du Conseil de gouvernement, Sekkouri a fait savoir que le gouvernement a allou\u00e9 une enveloppe budg\u00e9taire de 2,25 milliards de dirhams \u00e0 \u00ab Awrach \u00bb au titre de l&rsquo;ann\u00e9e 2022 et ce, dans le cadre de son action d&rsquo;accompagnement des jeunes hors du march\u00e9 de l&#8217;emploi et de facilitation de leur int\u00e9gration \u00e9conomique.<\/p>\n<p>Les 125.000 emplois cr\u00e9\u00e9s en 2022 seront des emplois temporaires, en particulier pour procurer des revenus aux personnes fortement impact\u00e9es par la pand\u00e9mie. Il s&rsquo;agit, comme il l&rsquo;a pr\u00e9cis\u00e9, d&rsquo;un chiffre ambitieux. \u00ab Nous sommes dans une phase avanc\u00e9e en termes d&rsquo;organisation op\u00e9rationnelle et proc\u00e9durale \u00bb, mais le circuit complet n&rsquo;a pas encore \u00e9t\u00e9 verrouill\u00e9. Il le sera apr\u00e8s les multiples r\u00e9unions pr\u00e9vues avec les diff\u00e9rents partenaires.<\/p>\n<p>Selon le ministre, \u00ab ce programme s&rsquo;adresse aux personnes dipl\u00f4m\u00e9es et non dipl\u00f4m\u00e9es, notamment celles qui ont \u00e9t\u00e9 impact\u00e9es par la crise du Covid. Toutes les cat\u00e9gories de personnes sont concern\u00e9es, et aucune n&rsquo;est \u00e0 exclure \u00bb, a-t-il ajout\u00e9.<\/p>\n<p>Pour lui, il faut insister sur la n\u00e9cessit\u00e9 \u00ab de prendre en consid\u00e9ration le genre et d&rsquo;inclure les femmes, tout en \u00e9tudiant les activit\u00e9s auxquelles celles-ci pourront s&rsquo;atteler \u00bb. Concernant les types d&#8217;emplois et les secteurs vis\u00e9s, il a soulign\u00e9 que \u00ab la cr\u00e9ation de ces emplois sera bas\u00e9e sur les besoins de chaque r\u00e9gion. Il faut qu&rsquo;il y ait des employeurs qui expriment des besoins dans des secteurs donn\u00e9s.<\/p>\n<p>Dans le cadre du programme \u00ab Forsa \u00bb pour le soutien des initiatives des jeunes, \u00ab 12.500 autoentrepreneurs b\u00e9n\u00e9ficieront de l&rsquo;accompagnement du minist\u00e8re pour la cr\u00e9ation de leurs entreprises \u00bb, a indiqu\u00e9 le ministre, pr\u00e9cisant que \u00ab le nombre de jeunes accompagn\u00e9s jusqu&rsquo;\u00e0 pr\u00e9sent, qui est de 3.000 annuellement, sera multipli\u00e9 par quatre. \u00ab Cet accompagnement consiste en des formations et orientations pour structurer les projets et les d\u00e9velopper, de la partie conception \u00e0 la partie r\u00e9alisation, gr\u00e2ce \u00e0 \u00ab des pr\u00eats d&rsquo;honneur plafonn\u00e9s \u00e0 100.000 DH, remboursables sur 10 ans au maximum \u00bb. \u00ab L&rsquo;accompagnement doit toutefois \u00eatre de qualit\u00e9 \u00bb, a-t-il ajout\u00e9, rappelant \u00ab l&rsquo;\u00e9chec de certaines exp\u00e9riences ant\u00e9rieures similaires suite \u00e0 un probl\u00e8me d&rsquo;autofinancement, \u00e0 une mauvaise gestion ou autres. Les id\u00e9es sont l\u00e0 mais parfois, elles ne marchent pas pour telle ou telle raison \u00bb.<\/p>\n<p>Cet article <a rel=\"nofollow\" href=\"https:\/\/www.journalducameroun.com\/maroc-emploi-250-000-beneficiaires-du-nouveau-programme-awrach\/\">Maroc\/Emploi : 250.000 b\u00e9n\u00e9ficiaires du nouveau programme \u00ab Awrach \u00bb<\/a> est apparu en premier sur <a rel=\"nofollow\" href=\"https:\/\/www.journalducameroun.com\/\">Journal du Cameroun<\/a>.<\/p>\n<\/div>\n<p>Auteur: APA News<br \/>\n<a href=\"https:\/\/www.journalducameroun.com\/maroc-emploi-250-000-beneficiaires-du-nouveau-programme-awrach\/\">Cliquez ici pour lire l&rsquo;article depuis sa source.<\/a><\/p>\n","protected":false},"excerpt":{"rendered":"<p>Pr\u00e8s de 250.000 personnes devraient b\u00e9n\u00e9ficier, en 2022 et 2023, d&rsquo; \u00ab Awrach \u00bb, un programme en cours de finalisation pour permettre aux jeunes de profiter d&#8217;emplois temporaires. C&rsquo;est ce que le ministre de l&#8217;emploi, Younes Sekkouri, a indiqu\u00e9, ce jeudi, lors du Conseil de gouvernement.Cit\u00e9 par le ministre d\u00e9l\u00e9gu\u00e9 charg\u00e9 des Relations avec le [&hellip;]<\/p>\n","protected":false},"author":1965,"featured_media":0,"comment_status":"closed","ping_status":"closed","sticky":false,"template":"","format":"standard","meta":{"fifu_image_url":"https:\/\/www.journalducameroun.com\/wp-content\/uploads\/2021\/11\/16366690826611.jpg","fifu_image_alt":"Maroc\/Emploi : 250.000 b\u00e9n\u00e9ficiaires du nouveau programme \u00ab Awrach \u00bb","footnotes":""},"categories":[73,82],"tags":[],"class_list":["post-132678","post","type-post","status-publish","format-standard","hentry","category-actualite","category-cameroun"],"_links":{"self":[{"href":"https:\/\/linitiative.ca\/International\/wp-json\/wp\/v2\/posts\/132678","targetHints":{"allow":["GET"]}}],"collection":[{"href":"https:\/\/linitiative.ca\/International\/wp-json\/wp\/v2\/posts"}],"about":[{"href":"https:\/\/linitiative.ca\/International\/wp-json\/wp\/v2\/types\/post"}],"author":[{"embeddable":true,"href":"https:\/\/linitiative.ca\/International\/wp-json\/wp\/v2\/users\/1965"}],"replies":[{"embeddable":true,"href":"https:\/\/linitiative.ca\/International\/wp-json\/wp\/v2\/comments?post=132678"}],"version-history":[{"count":0,"href":"https:\/\/linitiative.ca\/International\/wp-json\/wp\/v2\/posts\/132678\/revisions"}],"wp:attachment":[{"href":"https:\/\/linitiative.ca\/International\/wp-json\/wp\/v2\/media?parent=132678"}],"wp:term":[{"taxonomy":"category","embeddable":true,"href":"https:\/\/linitiative.ca\/International\/wp-json\/wp\/v2\/categories?post=132678"},{"taxonomy":"post_tag","embeddable":true,"href":"https:\/\/linitiative.ca\/International\/wp-json\/wp\/v2\/tags?post=132678"}],"curies":[{"name":"wp","href":"https:\/\/api.w.org\/{rel}","templated":true}]}}